{"id":4443,"date":"2015-03-27T00:00:00","date_gmt":"2015-03-26T23:00:00","guid":{"rendered":"https:\/\/www.ibbycat.cat\/x-congres-internacional-anilij\/"},"modified":"2024-01-18T16:09:36","modified_gmt":"2024-01-18T15:09:36","slug":"x-congres-internacional-anilij","status":"publish","type":"post","link":"https:\/\/www.ibbycat.cat\/es\/x-congres-internacional-anilij\/","title":{"rendered":"X Congr\u00e9s internacional ANILIJ"},"content":{"rendered":"<p><p>L&#8217;Asociaci\u00f3n Nacional de Investigaci\u00f3n en Literatura Infantil y Juvenil (ANILIJ) celebrar\u00e0 el seu des\u00e8 congr\u00e9s els dies 22 i 23 d&#8217;abril. <br \/>Aquesta nova edici\u00f3 estar\u00e0 dedicada a <strong>\u201cNous temes en la LIJ: Mort, Naufragis, Guerres, Desastres\u2026 a la Terra i el Mar\u201d<\/strong>,temes poc estudiats per\u00f2 als que \u00e9s necessari apropar-s&#8217;hi, a trav\u00e9s de la ficci\u00f3, per descobrir el m\u00f3n i els perills que comporta la vida.<\/p><\/p>\n","protected":false},"excerpt":{"rendered":"<p>L&#8217;Asociaci\u00f3n Nacional de Investigaci\u00f3n en Literatura Infantil y Juvenil (ANILIJ) celebrar\u00e0 el seu des\u00e8 congr\u00e9s els dies 22 i 23 d&#8217;abril. Aquesta nova edici\u00f3 estar\u00e0 dedicada a \u201cNous temes en la LIJ: Mort, Naufragis, Guerres, Desastres\u2026 a la Terra i el Mar\u201d,temes poc estudiats per\u00f2 als que \u00e9s necessari apropar-s&#8217;hi, a trav\u00e9s de la ficci\u00f3, [&hellip;]<\/p>\n","protected":false},"author":3,"featured_media":2342,"comment_status":"closed","ping_status":"open","sticky":false,"template":"","format":"standard","meta":{"_acf_changed":false,"rs_blank_template":"","rs_page_bg_color":"","slide_template_v7":"","inline_featured_image":false,"_monsterinsights_skip_tracking":false,"footnotes":""},"categories":[268],"tags":[],"class_list":["post-4443","post","type-post","status-publish","format-standard","has-post-thumbnail","hentry","category-uncategorized"],"acf":{"photo_gallery":{"galeria":[[]]}},"_links":{"self":[{"href":"https:\/\/www.ibbycat.cat\/es\/wp-json\/wp\/v2\/posts\/4443","targetHints":{"allow":["GET"]}}],"collection":[{"href":"https:\/\/www.ibbycat.cat\/es\/wp-json\/wp\/v2\/posts"}],"about":[{"href":"https:\/\/www.ibbycat.cat\/es\/wp-json\/wp\/v2\/types\/post"}],"author":[{"embeddable":true,"href":"https:\/\/www.ibbycat.cat\/es\/wp-json\/wp\/v2\/users\/3"}],"replies":[{"embeddable":true,"href":"https:\/\/www.ibbycat.cat\/es\/wp-json\/wp\/v2\/comments?post=4443"}],"version-history":[{"count":1,"href":"https:\/\/www.ibbycat.cat\/es\/wp-json\/wp\/v2\/posts\/4443\/revisions"}],"predecessor-version":[{"id":20529,"href":"https:\/\/www.ibbycat.cat\/es\/wp-json\/wp\/v2\/posts\/4443\/revisions\/20529"}],"wp:featuredmedia":[{"embeddable":true,"href":"https:\/\/www.ibbycat.cat\/es\/wp-json\/wp\/v2\/media\/2342"}],"wp:attachment":[{"href":"https:\/\/www.ibbycat.cat\/es\/wp-json\/wp\/v2\/media?parent=4443"}],"wp:term":[{"taxonomy":"category","embeddable":true,"href":"https:\/\/www.ibbycat.cat\/es\/wp-json\/wp\/v2\/categories?post=4443"},{"taxonomy":"post_tag","embeddable":true,"href":"https:\/\/www.ibbycat.cat\/es\/wp-json\/wp\/v2\/tags?post=4443"}],"curies":[{"name":"wp","href":"https:\/\/api.w.org\/{rel}","templated":true}]}}