{"id":4449,"date":"2015-04-30T00:00:00","date_gmt":"2015-04-29T22:00:00","guid":{"rendered":"https:\/\/www.ibbycat.cat\/34e-premi-de-narrativa-infantil-i-juvenil-guillem-cifre-de-colonya\/"},"modified":"2024-01-18T16:09:40","modified_gmt":"2024-01-18T15:09:40","slug":"34e-premi-de-narrativa-infantil-i-juvenil-guillem-cifre-de-colonya","status":"publish","type":"post","link":"https:\/\/www.ibbycat.cat\/es\/34e-premi-de-narrativa-infantil-i-juvenil-guillem-cifre-de-colonya\/","title":{"rendered":"34\u00e8 Premi de narrativa infantil i juvenil Guillem Cifre de Colonya"},"content":{"rendered":"<p><p>La Fundaci\u00f3 Guillem Cifre de Colonya i l&#8217;Editorial Barcanova han signat un acord per donar continu\u00eftat al <strong>Premi Guillem Cifre de Colonya<\/strong>, que en aquest 2015 compleix 34 anys d\u2019exist\u00e8ncia.<\/p>\n<p>El termini d&#8217;admissi\u00f3 d&#8217;originals finalitza el 30 d&#8217;abril.<\/p><\/p>\n","protected":false},"excerpt":{"rendered":"<p>La Fundaci\u00f3 Guillem Cifre de Colonya i l&#8217;Editorial Barcanova han signat un acord per donar continu\u00eftat al Premi Guillem Cifre de Colonya, que en aquest 2015 compleix 34 anys d\u2019exist\u00e8ncia. El termini d&#8217;admissi\u00f3 d&#8217;originals finalitza el 30 d&#8217;abril.<\/p>\n","protected":false},"author":3,"featured_media":2125,"comment_status":"closed","ping_status":"open","sticky":false,"template":"","format":"standard","meta":{"_acf_changed":false,"rs_blank_template":"","rs_page_bg_color":"","slide_template_v7":"","inline_featured_image":false,"_monsterinsights_skip_tracking":false,"footnotes":""},"categories":[268],"tags":[],"class_list":["post-4449","post","type-post","status-publish","format-standard","has-post-thumbnail","hentry","category-uncategorized"],"acf":{"photo_gallery":{"galeria":[[]]}},"_links":{"self":[{"href":"https:\/\/www.ibbycat.cat\/es\/wp-json\/wp\/v2\/posts\/4449","targetHints":{"allow":["GET"]}}],"collection":[{"href":"https:\/\/www.ibbycat.cat\/es\/wp-json\/wp\/v2\/posts"}],"about":[{"href":"https:\/\/www.ibbycat.cat\/es\/wp-json\/wp\/v2\/types\/post"}],"author":[{"embeddable":true,"href":"https:\/\/www.ibbycat.cat\/es\/wp-json\/wp\/v2\/users\/3"}],"replies":[{"embeddable":true,"href":"https:\/\/www.ibbycat.cat\/es\/wp-json\/wp\/v2\/comments?post=4449"}],"version-history":[{"count":1,"href":"https:\/\/www.ibbycat.cat\/es\/wp-json\/wp\/v2\/posts\/4449\/revisions"}],"predecessor-version":[{"id":20534,"href":"https:\/\/www.ibbycat.cat\/es\/wp-json\/wp\/v2\/posts\/4449\/revisions\/20534"}],"wp:featuredmedia":[{"embeddable":true,"href":"https:\/\/www.ibbycat.cat\/es\/wp-json\/wp\/v2\/media\/2125"}],"wp:attachment":[{"href":"https:\/\/www.ibbycat.cat\/es\/wp-json\/wp\/v2\/media?parent=4449"}],"wp:term":[{"taxonomy":"category","embeddable":true,"href":"https:\/\/www.ibbycat.cat\/es\/wp-json\/wp\/v2\/categories?post=4449"},{"taxonomy":"post_tag","embeddable":true,"href":"https:\/\/www.ibbycat.cat\/es\/wp-json\/wp\/v2\/tags?post=4449"}],"curies":[{"name":"wp","href":"https:\/\/api.w.org\/{rel}","templated":true}]}}