{"id":4479,"date":"2015-06-25T00:00:00","date_gmt":"2015-06-24T22:00:00","guid":{"rendered":"https:\/\/www.ibbycat.cat\/la-presidenta-del-clijcat-jurat-del-premi-andersen\/"},"modified":"2024-01-18T16:09:50","modified_gmt":"2024-01-18T15:09:50","slug":"la-presidenta-del-clijcat-jurat-del-premi-andersen","status":"publish","type":"post","link":"https:\/\/www.ibbycat.cat\/es\/la-presidenta-del-clijcat-jurat-del-premi-andersen\/","title":{"rendered":"La presidenta del ClijCAT Jurat del Premi Andersen"},"content":{"rendered":"<p><p>La presidenta del ClijCAT i editora d&#8217;Edebe, <strong>Reina Duarte<\/strong>, formar\u00e0 part del <strong>Jurat Internacional del Premi Andersen 2016<\/strong>.<br \/>Podeu veure informaci\u00f3 sobre la resta d&#8217;integrants a l&#8217;enlla\u00e7.<br \/>Enhorabona presidenta!!!<\/p><\/p>\n","protected":false},"excerpt":{"rendered":"<p>La presidenta del ClijCAT i editora d&#8217;Edebe, Reina Duarte, formar\u00e0 part del Jurat Internacional del Premi Andersen 2016.Podeu veure informaci\u00f3 sobre la resta d&#8217;integrants a l&#8217;enlla\u00e7.Enhorabona presidenta!!!<\/p>\n","protected":false},"author":3,"featured_media":2408,"comment_status":"closed","ping_status":"open","sticky":false,"template":"","format":"standard","meta":{"_acf_changed":false,"inline_featured_image":false,"_monsterinsights_skip_tracking":false,"footnotes":""},"categories":[268],"tags":[],"class_list":["post-4479","post","type-post","status-publish","format-standard","has-post-thumbnail","hentry","category-uncategorized"],"acf":{"photo_gallery":{"galeria":[[]]}},"_links":{"self":[{"href":"https:\/\/www.ibbycat.cat\/es\/wp-json\/wp\/v2\/posts\/4479","targetHints":{"allow":["GET"]}}],"collection":[{"href":"https:\/\/www.ibbycat.cat\/es\/wp-json\/wp\/v2\/posts"}],"about":[{"href":"https:\/\/www.ibbycat.cat\/es\/wp-json\/wp\/v2\/types\/post"}],"author":[{"embeddable":true,"href":"https:\/\/www.ibbycat.cat\/es\/wp-json\/wp\/v2\/users\/3"}],"replies":[{"embeddable":true,"href":"https:\/\/www.ibbycat.cat\/es\/wp-json\/wp\/v2\/comments?post=4479"}],"version-history":[{"count":1,"href":"https:\/\/www.ibbycat.cat\/es\/wp-json\/wp\/v2\/posts\/4479\/revisions"}],"predecessor-version":[{"id":5466,"href":"https:\/\/www.ibbycat.cat\/es\/wp-json\/wp\/v2\/posts\/4479\/revisions\/5466"}],"wp:featuredmedia":[{"embeddable":true,"href":"https:\/\/www.ibbycat.cat\/es\/wp-json\/wp\/v2\/media\/2408"}],"wp:attachment":[{"href":"https:\/\/www.ibbycat.cat\/es\/wp-json\/wp\/v2\/media?parent=4479"}],"wp:term":[{"taxonomy":"category","embeddable":true,"href":"https:\/\/www.ibbycat.cat\/es\/wp-json\/wp\/v2\/categories?post=4479"},{"taxonomy":"post_tag","embeddable":true,"href":"https:\/\/www.ibbycat.cat\/es\/wp-json\/wp\/v2\/tags?post=4479"}],"curies":[{"name":"wp","href":"https:\/\/api.w.org\/{rel}","templated":true}]}}