{"id":4504,"date":"2015-10-30T00:00:00","date_gmt":"2015-10-29T23:00:00","guid":{"rendered":"https:\/\/www.ibbycat.cat\/cambio-de-luces-ilustracion-espanola-en-los-anos-70\/"},"modified":"2024-01-18T16:09:58","modified_gmt":"2024-01-18T15:09:58","slug":"cambio-de-luces-ilustracion-espanola-en-los-anos-70","status":"publish","type":"post","link":"https:\/\/www.ibbycat.cat\/es\/cambio-de-luces-ilustracion-espanola-en-los-anos-70\/","title":{"rendered":"Cambio de luces. Ilustraci\u00f3n espa\u00f1ola en los a\u00f1os 70"},"content":{"rendered":"<p><p><strong>Cambio de luces. Ilustraci\u00f3n espa\u00f1ola en los a\u00f1os 70<\/strong>. Museu ABC. C\/ Amaniel, 29, 28015 Madrid, del 8 d&#8217;octubre al 7 de febrer de 2016.<br \/>Per primera vegada, una exposici\u00f3 reuneix el treball d&#8217;un grup d&#8217;artistes que van tornar la modernitat a la il\u00b7lustraci\u00f3. <br \/>\u00abEs tracta d&#8217;una exposici\u00f3 d&#8217;onze dels millors il\u00b7lustradors de l&#8217;estat espanyol dels setanta del segle passat, que van canviar el rumb general del dibuix i van tornar a sintonitzar plenament amb la modernitat amb la que, per raons pol\u00edtiques, no hav\u00edem pogut mantenir, fins ara un di\u00e0leg fluid\u00bb, explica Felipe Hern\u00e1ndez Cava, comissari de la mostra. <br \/>L&#8217;exposici\u00f3, sobre la d\u00e8cada dels 70, reuneix 114 obres d&#8217;11 artistes que no van constituir, en cap moment, un grup totalment homogeni: <strong>Jos\u00e9 Ram\u00f3n S\u00e1nchez, Fina Rif\u00e0, Pilar\u00edn Bay\u00e9s, Asun Balzola, Manuel Boix, Miguel Calatayud, Luis de Horna, Miguel \u00c1ngel Pacheco, Karin Schubert, Carme Sol\u00e9 Vendrell<\/strong> i <strong>Ulises Wensell.<\/strong><\/p><\/p>\n","protected":false},"excerpt":{"rendered":"<p>Cambio de luces. Ilustraci\u00f3n espa\u00f1ola en los a\u00f1os 70. Museu ABC. C\/ Amaniel, 29, 28015 Madrid, del 8 d&#8217;octubre al 7 de febrer de 2016.Per primera vegada, una exposici\u00f3 reuneix el treball d&#8217;un grup d&#8217;artistes que van tornar la modernitat a la il\u00b7lustraci\u00f3. \u00abEs tracta d&#8217;una exposici\u00f3 d&#8217;onze dels millors il\u00b7lustradors de l&#8217;estat espanyol dels [&hellip;]<\/p>\n","protected":false},"author":3,"featured_media":2454,"comment_status":"closed","ping_status":"open","sticky":false,"template":"","format":"standard","meta":{"_acf_changed":false,"rs_blank_template":"","rs_page_bg_color":"","slide_template_v7":"","inline_featured_image":false,"_monsterinsights_skip_tracking":false,"footnotes":""},"categories":[268],"tags":[],"class_list":["post-4504","post","type-post","status-publish","format-standard","has-post-thumbnail","hentry","category-uncategorized"],"acf":{"photo_gallery":{"galeria":[[]]}},"_links":{"self":[{"href":"https:\/\/www.ibbycat.cat\/es\/wp-json\/wp\/v2\/posts\/4504","targetHints":{"allow":["GET"]}}],"collection":[{"href":"https:\/\/www.ibbycat.cat\/es\/wp-json\/wp\/v2\/posts"}],"about":[{"href":"https:\/\/www.ibbycat.cat\/es\/wp-json\/wp\/v2\/types\/post"}],"author":[{"embeddable":true,"href":"https:\/\/www.ibbycat.cat\/es\/wp-json\/wp\/v2\/users\/3"}],"replies":[{"embeddable":true,"href":"https:\/\/www.ibbycat.cat\/es\/wp-json\/wp\/v2\/comments?post=4504"}],"version-history":[{"count":1,"href":"https:\/\/www.ibbycat.cat\/es\/wp-json\/wp\/v2\/posts\/4504\/revisions"}],"predecessor-version":[{"id":20579,"href":"https:\/\/www.ibbycat.cat\/es\/wp-json\/wp\/v2\/posts\/4504\/revisions\/20579"}],"wp:featuredmedia":[{"embeddable":true,"href":"https:\/\/www.ibbycat.cat\/es\/wp-json\/wp\/v2\/media\/2454"}],"wp:attachment":[{"href":"https:\/\/www.ibbycat.cat\/es\/wp-json\/wp\/v2\/media?parent=4504"}],"wp:term":[{"taxonomy":"category","embeddable":true,"href":"https:\/\/www.ibbycat.cat\/es\/wp-json\/wp\/v2\/categories?post=4504"},{"taxonomy":"post_tag","embeddable":true,"href":"https:\/\/www.ibbycat.cat\/es\/wp-json\/wp\/v2\/tags?post=4504"}],"curies":[{"name":"wp","href":"https:\/\/api.w.org\/{rel}","templated":true}]}}