{"id":4524,"date":"2015-12-31T00:00:00","date_gmt":"2015-12-30T23:00:00","guid":{"rendered":"https:\/\/www.ibbycat.cat\/14e-premi-barcanova-de-literatura-infantil\/"},"modified":"2024-01-18T16:10:07","modified_gmt":"2024-01-18T15:10:07","slug":"14e-premi-barcanova-de-literatura-infantil","status":"publish","type":"post","link":"https:\/\/www.ibbycat.cat\/es\/14e-premi-barcanova-de-literatura-infantil\/","title":{"rendered":"14\u00e8 Premi Barcanova de Literatura Infantil"},"content":{"rendered":"<p><p>Amb nom\u00e9s tres dies de difer\u00e8ncia en Joan Bustos guanya un nou premi de LIJ, ara ha estat el 14\u00e8 Premi Barcanovade literatura, en la modalitat infantil, amb l&#8217;obra <em><strong>Fina Ensurts<\/strong><\/em>, una hist\u00f2ria que parla de ser diferent en una societat on l\u2019important \u00e9s no destacar i que tothom sigui igual. El porper mes d&#8217;abril ja es trobar\u00e0 a les llibreries.<br \/> De nou moltes felicitats Joan!!!<\/p><\/p>\n","protected":false},"excerpt":{"rendered":"<p>Amb nom\u00e9s tres dies de difer\u00e8ncia en Joan Bustos guanya un nou premi de LIJ, ara ha estat el 14\u00e8 Premi Barcanovade literatura, en la modalitat infantil, amb l&#8217;obra Fina Ensurts, una hist\u00f2ria que parla de ser diferent en una societat on l\u2019important \u00e9s no destacar i que tothom sigui igual. El porper mes d&#8217;abril [&hellip;]<\/p>\n","protected":false},"author":3,"featured_media":2492,"comment_status":"closed","ping_status":"open","sticky":false,"template":"","format":"standard","meta":{"_acf_changed":false,"rs_blank_template":"","rs_page_bg_color":"","slide_template_v7":"","inline_featured_image":false,"_monsterinsights_skip_tracking":false,"footnotes":""},"categories":[268],"tags":[],"class_list":["post-4524","post","type-post","status-publish","format-standard","has-post-thumbnail","hentry","category-uncategorized"],"acf":{"photo_gallery":{"galeria":[[]]}},"_links":{"self":[{"href":"https:\/\/www.ibbycat.cat\/es\/wp-json\/wp\/v2\/posts\/4524","targetHints":{"allow":["GET"]}}],"collection":[{"href":"https:\/\/www.ibbycat.cat\/es\/wp-json\/wp\/v2\/posts"}],"about":[{"href":"https:\/\/www.ibbycat.cat\/es\/wp-json\/wp\/v2\/types\/post"}],"author":[{"embeddable":true,"href":"https:\/\/www.ibbycat.cat\/es\/wp-json\/wp\/v2\/users\/3"}],"replies":[{"embeddable":true,"href":"https:\/\/www.ibbycat.cat\/es\/wp-json\/wp\/v2\/comments?post=4524"}],"version-history":[{"count":1,"href":"https:\/\/www.ibbycat.cat\/es\/wp-json\/wp\/v2\/posts\/4524\/revisions"}],"predecessor-version":[{"id":20595,"href":"https:\/\/www.ibbycat.cat\/es\/wp-json\/wp\/v2\/posts\/4524\/revisions\/20595"}],"wp:featuredmedia":[{"embeddable":true,"href":"https:\/\/www.ibbycat.cat\/es\/wp-json\/wp\/v2\/media\/2492"}],"wp:attachment":[{"href":"https:\/\/www.ibbycat.cat\/es\/wp-json\/wp\/v2\/media?parent=4524"}],"wp:term":[{"taxonomy":"category","embeddable":true,"href":"https:\/\/www.ibbycat.cat\/es\/wp-json\/wp\/v2\/categories?post=4524"},{"taxonomy":"post_tag","embeddable":true,"href":"https:\/\/www.ibbycat.cat\/es\/wp-json\/wp\/v2\/tags?post=4524"}],"curies":[{"name":"wp","href":"https:\/\/api.w.org\/{rel}","templated":true}]}}