{"id":4531,"date":"2016-03-06T00:00:00","date_gmt":"2016-03-05T23:00:00","guid":{"rendered":"https:\/\/www.ibbycat.cat\/refugi-illustrat\/"},"modified":"2024-01-18T16:10:11","modified_gmt":"2024-01-18T15:10:11","slug":"refugi-illustrat","status":"publish","type":"post","link":"https:\/\/www.ibbycat.cat\/es\/refugi-illustrat\/","title":{"rendered":"Refugi il\u00b7lustrat"},"content":{"rendered":"<p><p>L&#8217;Associaci\u00f3 Professional d&#8217;Il\u00b7lustradors de Val\u00e8ncia &#8211; APIV llan\u00e7a una campanya gr\u00e0fica \u00aben suport de les persones emigrants, v\u00edctimes d&#8217;aquesta anomenada &#8216;crisi dels refugiats&#8217; i de la inoper\u00e0ncia dels pa\u00efsos europeus\u00bb.<\/p>\n<p>La campanya, adre\u00e7ada a professionals de la il\u00b7lustraci\u00f3 i altres artistes gr\u00e0fics, pot ser seguida a trav\u00e9s de la p\u00e0gina web i de les xarxes socials.<\/p>\n<p>Per participar-hi consulteu les bases.<\/p><\/p>\n","protected":false},"excerpt":{"rendered":"<p>L&#8217;Associaci\u00f3 Professional d&#8217;Il\u00b7lustradors de Val\u00e8ncia &#8211; APIV llan\u00e7a una campanya gr\u00e0fica \u00aben suport de les persones emigrants, v\u00edctimes d&#8217;aquesta anomenada &#8216;crisi dels refugiats&#8217; i de la inoper\u00e0ncia dels pa\u00efsos europeus\u00bb. La campanya, adre\u00e7ada a professionals de la il\u00b7lustraci\u00f3 i altres artistes gr\u00e0fics, pot ser seguida a trav\u00e9s de la p\u00e0gina web i de les xarxes [&hellip;]<\/p>\n","protected":false},"author":3,"featured_media":2506,"comment_status":"closed","ping_status":"open","sticky":false,"template":"","format":"standard","meta":{"_acf_changed":false,"rs_blank_template":"","rs_page_bg_color":"","slide_template_v7":"","inline_featured_image":false,"_monsterinsights_skip_tracking":false,"footnotes":""},"categories":[268],"tags":[],"class_list":["post-4531","post","type-post","status-publish","format-standard","has-post-thumbnail","hentry","category-uncategorized"],"acf":{"photo_gallery":{"galeria":[[]]}},"_links":{"self":[{"href":"https:\/\/www.ibbycat.cat\/es\/wp-json\/wp\/v2\/posts\/4531","targetHints":{"allow":["GET"]}}],"collection":[{"href":"https:\/\/www.ibbycat.cat\/es\/wp-json\/wp\/v2\/posts"}],"about":[{"href":"https:\/\/www.ibbycat.cat\/es\/wp-json\/wp\/v2\/types\/post"}],"author":[{"embeddable":true,"href":"https:\/\/www.ibbycat.cat\/es\/wp-json\/wp\/v2\/users\/3"}],"replies":[{"embeddable":true,"href":"https:\/\/www.ibbycat.cat\/es\/wp-json\/wp\/v2\/comments?post=4531"}],"version-history":[{"count":1,"href":"https:\/\/www.ibbycat.cat\/es\/wp-json\/wp\/v2\/posts\/4531\/revisions"}],"predecessor-version":[{"id":20601,"href":"https:\/\/www.ibbycat.cat\/es\/wp-json\/wp\/v2\/posts\/4531\/revisions\/20601"}],"wp:featuredmedia":[{"embeddable":true,"href":"https:\/\/www.ibbycat.cat\/es\/wp-json\/wp\/v2\/media\/2506"}],"wp:attachment":[{"href":"https:\/\/www.ibbycat.cat\/es\/wp-json\/wp\/v2\/media?parent=4531"}],"wp:term":[{"taxonomy":"category","embeddable":true,"href":"https:\/\/www.ibbycat.cat\/es\/wp-json\/wp\/v2\/categories?post=4531"},{"taxonomy":"post_tag","embeddable":true,"href":"https:\/\/www.ibbycat.cat\/es\/wp-json\/wp\/v2\/tags?post=4531"}],"curies":[{"name":"wp","href":"https:\/\/api.w.org\/{rel}","templated":true}]}}