{"id":4551,"date":"2016-06-09T00:00:00","date_gmt":"2016-06-08T22:00:00","guid":{"rendered":"https:\/\/www.ibbycat.cat\/acte-de-lliurament-del-20e-premi-de-literatura-protagonista-jove\/"},"modified":"2024-01-18T16:10:18","modified_gmt":"2024-01-18T15:10:18","slug":"acte-de-lliurament-del-20e-premi-de-literatura-protagonista-jove","status":"publish","type":"post","link":"https:\/\/www.ibbycat.cat\/es\/acte-de-lliurament-del-20e-premi-de-literatura-protagonista-jove\/","title":{"rendered":"Acte de lliurament del 20\u00e8 Premi de Literatura PROTAGONISTA JOVE"},"content":{"rendered":"<p><p>El proper dia<strong> 9 <\/strong><strong>de juny a les 10:30 hores<\/strong>, a l&#8217;auditori de la biblioteca Jaume Fuster de Barcelona, es far\u00e0 l&#8217;acte de lliurament del <strong>20\u00e8 Premi de Literatura PROTAGONISTA JOVE. Si hi heu participat encara podeu reservar pla\u00e7a per assistir-hi!<\/strong><\/p><\/p>\n","protected":false},"excerpt":{"rendered":"<p>El proper dia 9 de juny a les 10:30 hores, a l&#8217;auditori de la biblioteca Jaume Fuster de Barcelona, es far\u00e0 l&#8217;acte de lliurament del 20\u00e8 Premi de Literatura PROTAGONISTA JOVE. Si hi heu participat encara podeu reservar pla\u00e7a per assistir-hi!<\/p>\n","protected":false},"author":3,"featured_media":4552,"comment_status":"closed","ping_status":"open","sticky":false,"template":"","format":"standard","meta":{"_acf_changed":false,"inline_featured_image":false,"_monsterinsights_skip_tracking":false,"footnotes":""},"categories":[268],"tags":[],"class_list":["post-4551","post","type-post","status-publish","format-standard","has-post-thumbnail","hentry","category-uncategorized"],"acf":{"photo_gallery":{"galeria":[[]]}},"_links":{"self":[{"href":"https:\/\/www.ibbycat.cat\/es\/wp-json\/wp\/v2\/posts\/4551","targetHints":{"allow":["GET"]}}],"collection":[{"href":"https:\/\/www.ibbycat.cat\/es\/wp-json\/wp\/v2\/posts"}],"about":[{"href":"https:\/\/www.ibbycat.cat\/es\/wp-json\/wp\/v2\/types\/post"}],"author":[{"embeddable":true,"href":"https:\/\/www.ibbycat.cat\/es\/wp-json\/wp\/v2\/users\/3"}],"replies":[{"embeddable":true,"href":"https:\/\/www.ibbycat.cat\/es\/wp-json\/wp\/v2\/comments?post=4551"}],"version-history":[{"count":1,"href":"https:\/\/www.ibbycat.cat\/es\/wp-json\/wp\/v2\/posts\/4551\/revisions"}],"predecessor-version":[{"id":5258,"href":"https:\/\/www.ibbycat.cat\/es\/wp-json\/wp\/v2\/posts\/4551\/revisions\/5258"}],"wp:featuredmedia":[{"embeddable":true,"href":"https:\/\/www.ibbycat.cat\/es\/wp-json\/wp\/v2\/media\/4552"}],"wp:attachment":[{"href":"https:\/\/www.ibbycat.cat\/es\/wp-json\/wp\/v2\/media?parent=4551"}],"wp:term":[{"taxonomy":"category","embeddable":true,"href":"https:\/\/www.ibbycat.cat\/es\/wp-json\/wp\/v2\/categories?post=4551"},{"taxonomy":"post_tag","embeddable":true,"href":"https:\/\/www.ibbycat.cat\/es\/wp-json\/wp\/v2\/tags?post=4551"}],"curies":[{"name":"wp","href":"https:\/\/api.w.org\/{rel}","templated":true}]}}