{"id":4559,"date":"2016-09-30T00:00:00","date_gmt":"2016-09-29T22:00:00","guid":{"rendered":"https:\/\/www.ibbycat.cat\/premi-lazarillo-album-infantil-illustrat-2016\/"},"modified":"2024-01-18T16:10:18","modified_gmt":"2024-01-18T15:10:18","slug":"premi-lazarillo-album-infantil-illustrat-2016","status":"publish","type":"post","link":"https:\/\/www.ibbycat.cat\/es\/premi-lazarillo-album-infantil-illustrat-2016\/","title":{"rendered":"Premi Lazarillo \u00c0lbum Infantil Il\u00b7lustrat 2016"},"content":{"rendered":"<p><p>La Organizaci\u00f3n Espa\u00f1ola para el Libro Infantil y Juvenil (OEPLI), amb el patrocini del Ministerio de Educaci\u00f3n, Cultura y Deporte, convoca el Premi <strong>\u00abLAZARILLO \u00c0LBUM INFANTIL IL\u00b7LUSTRAT 2016\u00bb<\/strong>.<\/p>\n<p>Les persones que concursin hauran de trametre a la secretaria de l&#8217;OEPLI (Santiago Rusi\u00f1ol, 8, 28040 Madrid) <strong>abans del 30 de setembre de 2016 <\/strong>les reproduccions de les il\u00b7lustracions, la maqueta i el CD.<\/p><\/p>\n","protected":false},"excerpt":{"rendered":"<p>La Organizaci\u00f3n Espa\u00f1ola para el Libro Infantil y Juvenil (OEPLI), amb el patrocini del Ministerio de Educaci\u00f3n, Cultura y Deporte, convoca el Premi \u00abLAZARILLO \u00c0LBUM INFANTIL IL\u00b7LUSTRAT 2016\u00bb. Les persones que concursin hauran de trametre a la secretaria de l&#8217;OEPLI (Santiago Rusi\u00f1ol, 8, 28040 Madrid) abans del 30 de setembre de 2016 les reproduccions de [&hellip;]<\/p>\n","protected":false},"author":3,"featured_media":4560,"comment_status":"closed","ping_status":"open","sticky":false,"template":"","format":"standard","meta":{"_acf_changed":false,"rs_blank_template":"","rs_page_bg_color":"","slide_template_v7":"","inline_featured_image":false,"_monsterinsights_skip_tracking":false,"footnotes":""},"categories":[268],"tags":[],"class_list":["post-4559","post","type-post","status-publish","format-standard","has-post-thumbnail","hentry","category-uncategorized"],"acf":{"photo_gallery":{"galeria":[[]]}},"_links":{"self":[{"href":"https:\/\/www.ibbycat.cat\/es\/wp-json\/wp\/v2\/posts\/4559","targetHints":{"allow":["GET"]}}],"collection":[{"href":"https:\/\/www.ibbycat.cat\/es\/wp-json\/wp\/v2\/posts"}],"about":[{"href":"https:\/\/www.ibbycat.cat\/es\/wp-json\/wp\/v2\/types\/post"}],"author":[{"embeddable":true,"href":"https:\/\/www.ibbycat.cat\/es\/wp-json\/wp\/v2\/users\/3"}],"replies":[{"embeddable":true,"href":"https:\/\/www.ibbycat.cat\/es\/wp-json\/wp\/v2\/comments?post=4559"}],"version-history":[{"count":1,"href":"https:\/\/www.ibbycat.cat\/es\/wp-json\/wp\/v2\/posts\/4559\/revisions"}],"predecessor-version":[{"id":5375,"href":"https:\/\/www.ibbycat.cat\/es\/wp-json\/wp\/v2\/posts\/4559\/revisions\/5375"}],"wp:featuredmedia":[{"embeddable":true,"href":"https:\/\/www.ibbycat.cat\/es\/wp-json\/wp\/v2\/media\/4560"}],"wp:attachment":[{"href":"https:\/\/www.ibbycat.cat\/es\/wp-json\/wp\/v2\/media?parent=4559"}],"wp:term":[{"taxonomy":"category","embeddable":true,"href":"https:\/\/www.ibbycat.cat\/es\/wp-json\/wp\/v2\/categories?post=4559"},{"taxonomy":"post_tag","embeddable":true,"href":"https:\/\/www.ibbycat.cat\/es\/wp-json\/wp\/v2\/tags?post=4559"}],"curies":[{"name":"wp","href":"https:\/\/api.w.org\/{rel}","templated":true}]}}