{"id":4606,"date":"2016-11-30T00:00:00","date_gmt":"2016-11-29T23:00:00","guid":{"rendered":"https:\/\/www.ibbycat.cat\/fas-6-anys-tria-un-llibre\/"},"modified":"2024-01-18T16:10:28","modified_gmt":"2024-01-18T15:10:28","slug":"fas-6-anys-tria-un-llibre","status":"publish","type":"post","link":"https:\/\/www.ibbycat.cat\/es\/fas-6-anys-tria-un-llibre\/","title":{"rendered":"Fas 6 anys tria un llibre"},"content":{"rendered":"<p><p>El Departament de Cultura de la Generalitat de Catalunya engega la campanya <strong>Fas 6 anys Tria un Llibre<\/strong>, amb la col\u00b7laboraci\u00f3 del Gremi de Llibreters de Catalunya.<br \/>Tots els nens i les nenes de Catalunya nascuts el 2010 rebran un cup\u00f3 que els permetr\u00e0 anar a la llibreria del seu barri o poblaci\u00f3 (sempre agremiada al Gremi de Llibreters de Catalunya) i bescanviar-lo pel llibre infantil que m\u00e9s els agradi per un import de fins a 13\u20ac.<\/p><\/p>\n","protected":false},"excerpt":{"rendered":"<p>El Departament de Cultura de la Generalitat de Catalunya engega la campanya Fas 6 anys Tria un Llibre, amb la col\u00b7laboraci\u00f3 del Gremi de Llibreters de Catalunya.Tots els nens i les nenes de Catalunya nascuts el 2010 rebran un cup\u00f3 que els permetr\u00e0 anar a la llibreria del seu barri o poblaci\u00f3 (sempre agremiada al [&hellip;]<\/p>\n","protected":false},"author":3,"featured_media":4607,"comment_status":"closed","ping_status":"open","sticky":false,"template":"","format":"standard","meta":{"_acf_changed":false,"rs_blank_template":"","rs_page_bg_color":"","slide_template_v7":"","inline_featured_image":false,"_monsterinsights_skip_tracking":false,"footnotes":""},"categories":[268],"tags":[],"class_list":["post-4606","post","type-post","status-publish","format-standard","has-post-thumbnail","hentry","category-uncategorized"],"acf":{"photo_gallery":{"galeria":[[]]}},"_links":{"self":[{"href":"https:\/\/www.ibbycat.cat\/es\/wp-json\/wp\/v2\/posts\/4606","targetHints":{"allow":["GET"]}}],"collection":[{"href":"https:\/\/www.ibbycat.cat\/es\/wp-json\/wp\/v2\/posts"}],"about":[{"href":"https:\/\/www.ibbycat.cat\/es\/wp-json\/wp\/v2\/types\/post"}],"author":[{"embeddable":true,"href":"https:\/\/www.ibbycat.cat\/es\/wp-json\/wp\/v2\/users\/3"}],"replies":[{"embeddable":true,"href":"https:\/\/www.ibbycat.cat\/es\/wp-json\/wp\/v2\/comments?post=4606"}],"version-history":[{"count":1,"href":"https:\/\/www.ibbycat.cat\/es\/wp-json\/wp\/v2\/posts\/4606\/revisions"}],"predecessor-version":[{"id":20643,"href":"https:\/\/www.ibbycat.cat\/es\/wp-json\/wp\/v2\/posts\/4606\/revisions\/20643"}],"wp:featuredmedia":[{"embeddable":true,"href":"https:\/\/www.ibbycat.cat\/es\/wp-json\/wp\/v2\/media\/4607"}],"wp:attachment":[{"href":"https:\/\/www.ibbycat.cat\/es\/wp-json\/wp\/v2\/media?parent=4606"}],"wp:term":[{"taxonomy":"category","embeddable":true,"href":"https:\/\/www.ibbycat.cat\/es\/wp-json\/wp\/v2\/categories?post=4606"},{"taxonomy":"post_tag","embeddable":true,"href":"https:\/\/www.ibbycat.cat\/es\/wp-json\/wp\/v2\/tags?post=4606"}],"curies":[{"name":"wp","href":"https:\/\/api.w.org\/{rel}","templated":true}]}}