{"id":4697,"date":"2017-06-30T00:00:00","date_gmt":"2017-06-29T22:00:00","guid":{"rendered":"https:\/\/www.ibbycat.cat\/concurs\/"},"modified":"2024-01-18T16:10:48","modified_gmt":"2024-01-18T15:10:48","slug":"concurs","status":"publish","type":"post","link":"https:\/\/www.ibbycat.cat\/es\/concurs\/","title":{"rendered":"Concurs"},"content":{"rendered":"<p><p>Ja tenim els resultats del concurs <strong>\u201cANDERSEN AVUI\u201d<\/strong> que va convocar l\u2019OEPLI a trav\u00e9s de les seves seccions: Consejo General del Libro, <strong>ClijCAT Consell Catal\u00e0 del Llibre Infantil i Juvenil,<\/strong> G\u00e1lix y Galtzagorri Elkartea, amb el patrocini del Ministerio de Educaci\u00f3n, Cultura y Deporte, per commemorar  la celebraci\u00f3 del DIA INTERNACIONAL DEL LLIBRE INFANTIL.<\/p>\n<p>Els infants participants es van presentar a trav\u00e9s del seu centre docent o de la biblioteca de la seva poblaci\u00f3 en tres categories: PRIMERS LECTORS (1r, 2n y 3r de Prim\u00e0ria);  LECTORS AVAN\u00c7ATS  (4T, 5\u00e8 i 6\u00e8 de Prim\u00e0ria)  i S\u00daPER LECTORS (1r y 2n de Secund\u00e0ria). En l\u2019\u00e0mbit del ClijCAT hi ha hagut 272 participants.<\/p>\n<p>Els guanyadors han estat:<\/p>\n<p>PRIMERS LECTORS<\/p>\n<p><strong> \u2022\tLaia Espada Gonz\u00e1lez. Biblioteca Sant Roc. Badalona (Barcelona)<\/strong><\/p>\n<p>\u2022\tCristina Garrido V\u00e1zquez. Biblioteca P\u00fablica Municipal \u201cOs Templarios\u201d. Cambre (A \tCoru\u00f1a)<\/p>\n<p>\u2022\tIn\u00e9s Posada Alcoceba. Biblioteca Volturno. Pozuelo de Alarc\u00f3n (Madrid)<\/p>\n<p>\u2022\tAlex Torrecillas. Herri Ametsa Ikastola. Donostia (Gipuzkoa)<\/p>\n<p>LECTORS AVAN\u00c7ATS<\/p>\n<p><strong> \u2022\tDenis Bota. Biblioteca Trintari Fabregat. Alcanar (Tarragona)<\/strong><\/p>\n<p>\u2022\tMarian Cobo. Intxaurrondo Hegoa. Donostia (Gipuzkoa)<\/p>\n<p>\u2022\t\u00c1ngela Fontecoba Fern\u00e1ndez. Biblioteca P\u00fablica Municipal \u201cOs Templarios\u201d. Cambre \t(A Coru\u00f1a)<\/p>\n<p>\u2022\tLuc\u00eda Ib\u00e1\u00f1ez Mu\u00f1oz.  CEIP Fuentecillas.  Burgos<\/p>\n<p>S\u00daPER LECTORS<\/p>\n<p>\u2022\tGarazi Aldama. La Salle ikastetxea. Zarautz (Gipuzkoa)<\/p>\n<p><strong> \u2022\tAurora del Amo. Institut Andreu Nin. El Vendrell (Tarragona)<\/strong><\/p>\n<p>\u2022\tV\u00edctor Elvira Mill\u00e1n. IESO  Joaqu\u00edn Romera. Mendav\u00eda (Navarra)<\/p>\n<p>\u2022\tKatia Tojo soto. B.P. \u00c1nxel Casal\/Colegio Manuel Peleteiro).Santiago de \tCompostela (A Coru\u00f1a)<\/p><\/p>\n","protected":false},"excerpt":{"rendered":"<p>Ja tenim els resultats del concurs \u201cANDERSEN AVUI\u201d que va convocar l\u2019OEPLI a trav\u00e9s de les seves seccions: Consejo General del Libro, ClijCAT Consell Catal\u00e0 del Llibre Infantil i Juvenil, G\u00e1lix y Galtzagorri Elkartea, amb el patrocini del Ministerio de Educaci\u00f3n, Cultura y Deporte, per commemorar la celebraci\u00f3 del DIA INTERNACIONAL DEL LLIBRE INFANTIL. Els [&hellip;]<\/p>\n","protected":false},"author":3,"featured_media":4698,"comment_status":"closed","ping_status":"open","sticky":false,"template":"","format":"standard","meta":{"_acf_changed":false,"rs_blank_template":"","rs_page_bg_color":"","slide_template_v7":"","inline_featured_image":false,"_monsterinsights_skip_tracking":false,"footnotes":""},"categories":[268],"tags":[],"class_list":["post-4697","post","type-post","status-publish","format-standard","has-post-thumbnail","hentry","category-uncategorized"],"acf":{"photo_gallery":{"galeria":[[]]}},"_links":{"self":[{"href":"https:\/\/www.ibbycat.cat\/es\/wp-json\/wp\/v2\/posts\/4697","targetHints":{"allow":["GET"]}}],"collection":[{"href":"https:\/\/www.ibbycat.cat\/es\/wp-json\/wp\/v2\/posts"}],"about":[{"href":"https:\/\/www.ibbycat.cat\/es\/wp-json\/wp\/v2\/types\/post"}],"author":[{"embeddable":true,"href":"https:\/\/www.ibbycat.cat\/es\/wp-json\/wp\/v2\/users\/3"}],"replies":[{"embeddable":true,"href":"https:\/\/www.ibbycat.cat\/es\/wp-json\/wp\/v2\/comments?post=4697"}],"version-history":[{"count":1,"href":"https:\/\/www.ibbycat.cat\/es\/wp-json\/wp\/v2\/posts\/4697\/revisions"}],"predecessor-version":[{"id":5368,"href":"https:\/\/www.ibbycat.cat\/es\/wp-json\/wp\/v2\/posts\/4697\/revisions\/5368"}],"wp:featuredmedia":[{"embeddable":true,"href":"https:\/\/www.ibbycat.cat\/es\/wp-json\/wp\/v2\/media\/4698"}],"wp:attachment":[{"href":"https:\/\/www.ibbycat.cat\/es\/wp-json\/wp\/v2\/media?parent=4697"}],"wp:term":[{"taxonomy":"category","embeddable":true,"href":"https:\/\/www.ibbycat.cat\/es\/wp-json\/wp\/v2\/categories?post=4697"},{"taxonomy":"post_tag","embeddable":true,"href":"https:\/\/www.ibbycat.cat\/es\/wp-json\/wp\/v2\/tags?post=4697"}],"curies":[{"name":"wp","href":"https:\/\/api.w.org\/{rel}","templated":true}]}}