{"id":4790,"date":"2018-02-28T00:00:00","date_gmt":"2018-02-27T23:00:00","guid":{"rendered":"https:\/\/www.ibbycat.cat\/master-interuniversitari-oficial-biblioteca-escolar-i-promocio-de-la-lectura\/"},"modified":"2024-01-18T16:11:05","modified_gmt":"2024-01-18T15:11:05","slug":"master-interuniversitari-oficial-biblioteca-escolar-i-promocio-de-la-lectura","status":"publish","type":"post","link":"https:\/\/www.ibbycat.cat\/es\/master-interuniversitari-oficial-biblioteca-escolar-i-promocio-de-la-lectura\/","title":{"rendered":"M\u00e0ster Interuniversitari Oficial. Biblioteca Escolar i Promoci\u00f3 de la Lectura"},"content":{"rendered":"<p><p>Ofereix formaci\u00f3 sobre les formes m\u00e9s efectives d&#8217;organitzar i fer funcionar les biblioteques escolars com a centres de recursos d&#8217;aprenentatge; sobre el disseny de plans de lectura de centre (PLEC); la selecci\u00f3 i \u00fas dels llibres infantils i juvenils; la recerca i selecci\u00f3 d&#8217;informaci\u00f3, especialment a trav\u00e9s de la xarxa; les formes d&#8217;enlla\u00e7 i col\u00b7laboraci\u00f3 cultural amb el context social; l&#8217;\u00fas de les noves tecnologies per a aquests prop\u00f2sits; aix\u00ed com el desenvolupament de projectes socials de lectura que incideixin en els h\u00e0bits de la poblaci\u00f3.<\/p>\n<p>El m\u00e0ster \u00e9s semipresencial i forma responsables de biblioteques escolars i de seccions infantils de biblioteques p\u00fabliques i centres de recursos, animadors socioculturals, professionals del llibre i de l&#8217;edici\u00f3, professionals implicats en els plans de lectura de tot tipus d&#8217;administracions p\u00fabliques o d&#8217;altres iniciatives socials al voltant de l&#8217;acc\u00e9s de la poblaci\u00f3 a la cultura escrita.<\/p><\/p>\n","protected":false},"excerpt":{"rendered":"<p>Ofereix formaci\u00f3 sobre les formes m\u00e9s efectives d&#8217;organitzar i fer funcionar les biblioteques escolars com a centres de recursos d&#8217;aprenentatge; sobre el disseny de plans de lectura de centre (PLEC); la selecci\u00f3 i \u00fas dels llibres infantils i juvenils; la recerca i selecci\u00f3 d&#8217;informaci\u00f3, especialment a trav\u00e9s de la xarxa; les formes d&#8217;enlla\u00e7 i col\u00b7laboraci\u00f3 [&hellip;]<\/p>\n","protected":false},"author":3,"featured_media":1698,"comment_status":"closed","ping_status":"open","sticky":false,"template":"","format":"standard","meta":{"_acf_changed":false,"inline_featured_image":false,"_monsterinsights_skip_tracking":false,"footnotes":""},"categories":[268],"tags":[],"class_list":["post-4790","post","type-post","status-publish","format-standard","has-post-thumbnail","hentry","category-uncategorized"],"acf":{"photo_gallery":{"galeria":[[]]}},"_links":{"self":[{"href":"https:\/\/www.ibbycat.cat\/es\/wp-json\/wp\/v2\/posts\/4790","targetHints":{"allow":["GET"]}}],"collection":[{"href":"https:\/\/www.ibbycat.cat\/es\/wp-json\/wp\/v2\/posts"}],"about":[{"href":"https:\/\/www.ibbycat.cat\/es\/wp-json\/wp\/v2\/types\/post"}],"author":[{"embeddable":true,"href":"https:\/\/www.ibbycat.cat\/es\/wp-json\/wp\/v2\/users\/3"}],"replies":[{"embeddable":true,"href":"https:\/\/www.ibbycat.cat\/es\/wp-json\/wp\/v2\/comments?post=4790"}],"version-history":[{"count":1,"href":"https:\/\/www.ibbycat.cat\/es\/wp-json\/wp\/v2\/posts\/4790\/revisions"}],"predecessor-version":[{"id":20758,"href":"https:\/\/www.ibbycat.cat\/es\/wp-json\/wp\/v2\/posts\/4790\/revisions\/20758"}],"wp:featuredmedia":[{"embeddable":true,"href":"https:\/\/www.ibbycat.cat\/es\/wp-json\/wp\/v2\/media\/1698"}],"wp:attachment":[{"href":"https:\/\/www.ibbycat.cat\/es\/wp-json\/wp\/v2\/media?parent=4790"}],"wp:term":[{"taxonomy":"category","embeddable":true,"href":"https:\/\/www.ibbycat.cat\/es\/wp-json\/wp\/v2\/categories?post=4790"},{"taxonomy":"post_tag","embeddable":true,"href":"https:\/\/www.ibbycat.cat\/es\/wp-json\/wp\/v2\/tags?post=4790"}],"curies":[{"name":"wp","href":"https:\/\/api.w.org\/{rel}","templated":true}]}}