{"id":4997,"date":"2019-10-31T00:00:00","date_gmt":"2019-10-30T23:00:00","guid":{"rendered":"https:\/\/www.ibbycat.cat\/comunicat\/"},"modified":"2024-01-18T16:11:51","modified_gmt":"2024-01-18T15:11:51","slug":"comunicat","status":"publish","type":"post","link":"https:\/\/www.ibbycat.cat\/es\/comunicat\/","title":{"rendered":"Comunicat"},"content":{"rendered":"<p><p>Des del Consell Catal\u00e0 del llibre infantil i Juvenil:<\/p>\n<ul>\n<li>Manifestem el nostre rebuig a la sent\u00e8ncia condemnat\u00f2ria dels l\u00edders pol\u00edtics i socials catalans que considerem injusta.<\/li>\n<li>Expressem la nostra preocupaci\u00f3 davant la regressi\u00f3 de drets que s\u2019est\u00e0 produint.<\/li>\n<li>Defensem la llibertat de pensament, d\u2019expressi\u00f3, de creaci\u00f3, de manifestaci\u00f3 i de protesta pac\u00edfica.<\/li>\n<li>I reivindiquem la pol\u00edtica i la paraula com a cam\u00ed per a la recerca d\u2019una soluci\u00f3.<\/li>\n<\/ul>\n<p>Som #Culturaxlallibertat<\/p><\/p>\n","protected":false},"excerpt":{"rendered":"<p>Des del Consell Catal\u00e0 del llibre infantil i Juvenil: Manifestem el nostre rebuig a la sent\u00e8ncia condemnat\u00f2ria dels l\u00edders pol\u00edtics i socials catalans que considerem injusta. Expressem la nostra preocupaci\u00f3 davant la regressi\u00f3 de drets que s\u2019est\u00e0 produint. Defensem la llibertat de pensament, d\u2019expressi\u00f3, de creaci\u00f3, de manifestaci\u00f3 i de protesta pac\u00edfica. I reivindiquem la [&hellip;]<\/p>\n","protected":false},"author":3,"featured_media":4998,"comment_status":"closed","ping_status":"open","sticky":false,"template":"","format":"standard","meta":{"_acf_changed":false,"rs_blank_template":"","rs_page_bg_color":"","slide_template_v7":"","inline_featured_image":false,"_monsterinsights_skip_tracking":false,"footnotes":""},"categories":[268],"tags":[],"class_list":["post-4997","post","type-post","status-publish","format-standard","has-post-thumbnail","hentry","category-uncategorized"],"acf":{"photo_gallery":{"galeria":[[]]}},"_links":{"self":[{"href":"https:\/\/www.ibbycat.cat\/es\/wp-json\/wp\/v2\/posts\/4997","targetHints":{"allow":["GET"]}}],"collection":[{"href":"https:\/\/www.ibbycat.cat\/es\/wp-json\/wp\/v2\/posts"}],"about":[{"href":"https:\/\/www.ibbycat.cat\/es\/wp-json\/wp\/v2\/types\/post"}],"author":[{"embeddable":true,"href":"https:\/\/www.ibbycat.cat\/es\/wp-json\/wp\/v2\/users\/3"}],"replies":[{"embeddable":true,"href":"https:\/\/www.ibbycat.cat\/es\/wp-json\/wp\/v2\/comments?post=4997"}],"version-history":[{"count":1,"href":"https:\/\/www.ibbycat.cat\/es\/wp-json\/wp\/v2\/posts\/4997\/revisions"}],"predecessor-version":[{"id":20899,"href":"https:\/\/www.ibbycat.cat\/es\/wp-json\/wp\/v2\/posts\/4997\/revisions\/20899"}],"wp:featuredmedia":[{"embeddable":true,"href":"https:\/\/www.ibbycat.cat\/es\/wp-json\/wp\/v2\/media\/4998"}],"wp:attachment":[{"href":"https:\/\/www.ibbycat.cat\/es\/wp-json\/wp\/v2\/media?parent=4997"}],"wp:term":[{"taxonomy":"category","embeddable":true,"href":"https:\/\/www.ibbycat.cat\/es\/wp-json\/wp\/v2\/categories?post=4997"},{"taxonomy":"post_tag","embeddable":true,"href":"https:\/\/www.ibbycat.cat\/es\/wp-json\/wp\/v2\/tags?post=4997"}],"curies":[{"name":"wp","href":"https:\/\/api.w.org\/{rel}","templated":true}]}}