{"id":5167,"date":"2021-07-30T00:00:00","date_gmt":"2021-07-29T22:00:00","guid":{"rendered":"https:\/\/www.ibbycat.cat\/david-hernandez-sevillano-i-federico-delicado-guanyadors-dels-premis-lazarillo-2020\/"},"modified":"2024-01-18T16:12:41","modified_gmt":"2024-01-18T15:12:41","slug":"david-hernandez-sevillano-i-federico-delicado-guanyadors-dels-premis-lazarillo-2020","status":"publish","type":"post","link":"https:\/\/www.ibbycat.cat\/es\/david-hernandez-sevillano-i-federico-delicado-guanyadors-dels-premis-lazarillo-2020\/","title":{"rendered":"DAVID HERN\u00c1NDEZ SEVILLANO I FEDERICO DELICADO, GUANYADORS DELS PREMIS LAZARILLO 2020"},"content":{"rendered":"<p><p>L&#8217;Organizaci\u00f3n Espa\u00f1ola Para el Libro Infantil y Juvenil (OEPLI) va donar a con\u00e8ixer ahir, els guanyadors dels Premis Lazarillo 2020, que en aquesta 61a edici\u00f3 s&#8217;han atorgat a<strong>David Hern\u00e1ndez Sevillano<\/strong> en la modalitat de creaci\u00f3 liter\u00e0riaia<strong>Federico Delicado<\/strong> en la d&#8217;\u00e0lbum il\u00b7lustrat.<\/p>\n<p>Els Premis Lazarillo s\u00f3n els guardons de LIJ m\u00e9s antics de l&#8217;Estat Espanyol. Independents, a obra in\u00e8dita i oberts a la creaci\u00f3 en les quatre lleng\u00fces, pretenen contribuir a la difusi\u00f3 d&#8217;una literatura infantil i juvenil de qualitat. Estan dotats amb 6.000 euros per cada modalitat i han comptat amb el patrocini del Ministerio de Cultura y Deportei de McDonald\u2019s en el marc del seu programa \u00abHappy Meal Readers\u00bb.<\/p>\n<p>Adjuntem la nota de premsa de l&#8217;OEPLI amb tota la informaci\u00f3 de l&#8217;acte,dels guanyadors i de l&#8217;esdeveniment.En la foto de fam\u00edlia apar\u00e8ixen d&#8217;esquerra a dretaPaloma Cabral, directora de comunicaci\u00f3 i relacions institucionalsde McDonald&#8217;s, els guardonatsDavid Hern\u00e1ndez Sevillanoi Federico Delicado, Maria Jos\u00e9 G\u00e1lvez, directora general del libro y fomento de la lectura del Ministerio de Cultura y Deportei a la seva dreta,Llu\u00eds Zendrera, president de l&#8217;OEPLI.<\/p>\n<p>Tamb\u00e9 us adjuntem una nota en catal\u00e0 amb informaci\u00f3 dels guardonats.<\/p>\n<p>I en darrer lloc, aprofitem per informar-vos que queda oberta i convocada l&#8217;edici\u00f3 2021 d&#8217;aquests guardons.<\/p>\n<p>Podeu accedir a les bases des de l&#8217;enlla\u00e7 seg\u00fcent:<a href=\"https:\/\/www.oepli.org\/ca\/Premio-Lazarillo\">https:\/\/www.oepli.org\/ca\/Premio-Lazarillo<\/a><\/p>\n<p>Els terminis per a la presentaci\u00f3 d&#8217;obres s\u00f3n els seg\u00fcents:<\/p>\n<ul>\n<li>Modalitat de creaci\u00f3 liter\u00e0ria juvenil: 30 de setembre de 2021<\/li>\n<li>Modalitat \u00e0lbum il\u00b7lustrat infantil i juvenil: 30 de novembre de 2021<\/li>\n<\/ul>\n","protected":false},"excerpt":{"rendered":"<p>L&#8217;Organizaci\u00f3n Espa\u00f1ola Para el Libro Infantil y Juvenil (OEPLI) va donar a con\u00e8ixer ahir, els guanyadors dels Premis Lazarillo 2020, que en aquesta 61a edici\u00f3 s&#8217;han atorgat aDavid Hern\u00e1ndez Sevillano en la modalitat de creaci\u00f3 liter\u00e0riaiaFederico Delicado en la d&#8217;\u00e0lbum il\u00b7lustrat. Els Premis Lazarillo s\u00f3n els guardons de LIJ m\u00e9s antics de l&#8217;Estat Espanyol. Independents, [&hellip;]<\/p>\n","protected":false},"author":3,"featured_media":5168,"comment_status":"closed","ping_status":"open","sticky":false,"template":"","format":"standard","meta":{"_acf_changed":false,"rs_blank_template":"","rs_page_bg_color":"","slide_template_v7":"","inline_featured_image":false,"_monsterinsights_skip_tracking":false,"footnotes":""},"categories":[268],"tags":[],"class_list":["post-5167","post","type-post","status-publish","format-standard","has-post-thumbnail","hentry","category-uncategorized"],"acf":{"photo_gallery":{"galeria":[[]]}},"_links":{"self":[{"href":"https:\/\/www.ibbycat.cat\/es\/wp-json\/wp\/v2\/posts\/5167","targetHints":{"allow":["GET"]}}],"collection":[{"href":"https:\/\/www.ibbycat.cat\/es\/wp-json\/wp\/v2\/posts"}],"about":[{"href":"https:\/\/www.ibbycat.cat\/es\/wp-json\/wp\/v2\/types\/post"}],"author":[{"embeddable":true,"href":"https:\/\/www.ibbycat.cat\/es\/wp-json\/wp\/v2\/users\/3"}],"replies":[{"embeddable":true,"href":"https:\/\/www.ibbycat.cat\/es\/wp-json\/wp\/v2\/comments?post=5167"}],"version-history":[{"count":1,"href":"https:\/\/www.ibbycat.cat\/es\/wp-json\/wp\/v2\/posts\/5167\/revisions"}],"predecessor-version":[{"id":5357,"href":"https:\/\/www.ibbycat.cat\/es\/wp-json\/wp\/v2\/posts\/5167\/revisions\/5357"}],"wp:featuredmedia":[{"embeddable":true,"href":"https:\/\/www.ibbycat.cat\/es\/wp-json\/wp\/v2\/media\/5168"}],"wp:attachment":[{"href":"https:\/\/www.ibbycat.cat\/es\/wp-json\/wp\/v2\/media?parent=5167"}],"wp:term":[{"taxonomy":"category","embeddable":true,"href":"https:\/\/www.ibbycat.cat\/es\/wp-json\/wp\/v2\/categories?post=5167"},{"taxonomy":"post_tag","embeddable":true,"href":"https:\/\/www.ibbycat.cat\/es\/wp-json\/wp\/v2\/tags?post=5167"}],"curies":[{"name":"wp","href":"https:\/\/api.w.org\/{rel}","templated":true}]}}