{"id":5218,"date":"2022-05-27T00:00:00","date_gmt":"2022-05-26T22:00:00","guid":{"rendered":"https:\/\/www.ibbycat.cat\/lij-catalana-davui-per-als-lectors-de-dema\/"},"modified":"2024-01-18T16:12:55","modified_gmt":"2024-01-18T15:12:55","slug":"lij-catalana-davui-per-als-lectors-de-dema","status":"publish","type":"post","link":"https:\/\/www.ibbycat.cat\/es\/lij-catalana-davui-per-als-lectors-de-dema\/","title":{"rendered":"LIJ catalana d&#8217;avui per als lectors de dem\u00e0"},"content":{"rendered":"<p><p>L&#8217;Ibbycat, juntament amb el grup de treball BibBot\u00f3 i Grup CERES, participa en una jornada organitzada pel Col\u00b7legi oficial de Bibliotecaris el dia 27 de maig a la Biblioteca P\u00fablica de Girona amb la taula rodona \u00abLIJ catalana d&#8217;avui per als lectors de dem\u00e0\u00bb.<\/p>\n<p>En aquesta taula rodona s&#8217;explorar\u00e0 la situaci\u00f3 prec\u00e0ria dels fons documentals de les biblioteques i centres de documentaci\u00f3 i la seva preservaci\u00f3, que evidencien una manca de criteris per construir en el present el que \u00e9s i ser\u00e0patrimoni literari infantil i juvenil catal\u00e0.<\/p>\n<p>Amb aquesta premisa, la taula rodona en la LIJ, el m\u00f3n del llibre i les biblioteques per reflexionar sobre els reptes presents i les possibles solucions a la problem\u00e0tica.<\/p><\/p>\n","protected":false},"excerpt":{"rendered":"<p>L&#8217;Ibbycat, juntament amb el grup de treball BibBot\u00f3 i Grup CERES, participa en una jornada organitzada pel Col\u00b7legi oficial de Bibliotecaris el dia 27 de maig a la Biblioteca P\u00fablica de Girona amb la taula rodona \u00abLIJ catalana d&#8217;avui per als lectors de dem\u00e0\u00bb. En aquesta taula rodona s&#8217;explorar\u00e0 la situaci\u00f3 prec\u00e0ria dels fons documentals [&hellip;]<\/p>\n","protected":false},"author":3,"featured_media":5219,"comment_status":"closed","ping_status":"open","sticky":false,"template":"","format":"standard","meta":{"_acf_changed":false,"inline_featured_image":false,"_monsterinsights_skip_tracking":false,"footnotes":""},"categories":[268],"tags":[],"class_list":["post-5218","post","type-post","status-publish","format-standard","has-post-thumbnail","hentry","category-uncategorized"],"acf":{"photo_gallery":{"galeria":[[]]}},"_links":{"self":[{"href":"https:\/\/www.ibbycat.cat\/es\/wp-json\/wp\/v2\/posts\/5218","targetHints":{"allow":["GET"]}}],"collection":[{"href":"https:\/\/www.ibbycat.cat\/es\/wp-json\/wp\/v2\/posts"}],"about":[{"href":"https:\/\/www.ibbycat.cat\/es\/wp-json\/wp\/v2\/types\/post"}],"author":[{"embeddable":true,"href":"https:\/\/www.ibbycat.cat\/es\/wp-json\/wp\/v2\/users\/3"}],"replies":[{"embeddable":true,"href":"https:\/\/www.ibbycat.cat\/es\/wp-json\/wp\/v2\/comments?post=5218"}],"version-history":[{"count":1,"href":"https:\/\/www.ibbycat.cat\/es\/wp-json\/wp\/v2\/posts\/5218\/revisions"}],"predecessor-version":[{"id":6320,"href":"https:\/\/www.ibbycat.cat\/es\/wp-json\/wp\/v2\/posts\/5218\/revisions\/6320"}],"wp:featuredmedia":[{"embeddable":true,"href":"https:\/\/www.ibbycat.cat\/es\/wp-json\/wp\/v2\/media\/5219"}],"wp:attachment":[{"href":"https:\/\/www.ibbycat.cat\/es\/wp-json\/wp\/v2\/media?parent=5218"}],"wp:term":[{"taxonomy":"category","embeddable":true,"href":"https:\/\/www.ibbycat.cat\/es\/wp-json\/wp\/v2\/categories?post=5218"},{"taxonomy":"post_tag","embeddable":true,"href":"https:\/\/www.ibbycat.cat\/es\/wp-json\/wp\/v2\/tags?post=5218"}],"curies":[{"name":"wp","href":"https:\/\/api.w.org\/{rel}","templated":true}]}}