{"id":56737,"date":"2024-06-10T14:14:24","date_gmt":"2024-06-10T12:14:24","guid":{"rendered":"https:\/\/www.ibbycat.cat\/?p=56737"},"modified":"2024-06-10T14:14:24","modified_gmt":"2024-06-10T12:14:24","slug":"gala-premis-11-06-enllac-a-la-retransmissio-en-directe","status":"publish","type":"post","link":"https:\/\/www.ibbycat.cat\/es\/gala-premis-11-06-enllac-a-la-retransmissio-en-directe\/","title":{"rendered":"GALA PREMIS 11\/06 | Enlla\u00e7 a la retransmissi\u00f3 en directe!"},"content":{"rendered":"<p>Dem\u00e0 \u00e9s el gran dia! El dia en qu\u00e8\u00a0sabrem, per fi, quines s\u00f3n les <strong>obres guanyadores<\/strong> dels <strong>Premis Atrapallibres<\/strong> i <strong>Protagonista Jove<\/strong>\u00a0d&#8217;aquest any.<\/p>\n<p>Si sou dels 700 participants que assistireu a la gala el pr\u00f2xim <strong>dimarts<\/strong> <strong>11 de juny <\/strong>en representaci\u00f3 dels m\u00e9s de 14.000 membres del jurat que heu sigut enguany, ens veiem dem\u00e0.\u00a0Per\u00f2, si no, la podreu <strong>seguir en directe <\/strong>a trav\u00e9s del seg\u00fcent <strong>enlla\u00e7<\/strong>.<\/p>\n<p>Ja ho sabeu, dem\u00e0 al mat\u00ed&#8230;\u00a0pantalla gran, esmorzar a punt i a <strong>gaudir de la gala en <em>streaming<\/em><\/strong>!<\/p>\n<p><a href=\"https:\/\/www.youtube.com\/live\/4lIHZYFZzzA\" target=\"_blank\" rel=\"noopener\">Enlla\u00e7 a la retransmissi\u00f3 en directe<\/a><\/p>\n","protected":false},"excerpt":{"rendered":"<p>Dem\u00e0 \u00e9s el gran dia! El dia en qu\u00e8\u00a0sabrem, per fi, quines s\u00f3n les obres guanyadores dels Premis Atrapallibres i Protagonista Jove\u00a0d&#8217;aquest any. Si sou dels 700 participants que assistireu a la gala el pr\u00f2xim dimarts 11 de juny en representaci\u00f3 dels m\u00e9s de 14.000 membres del jurat que heu sigut enguany, ens veiem dem\u00e0.\u00a0Per\u00f2, [&hellip;]<\/p>\n","protected":false},"author":3,"featured_media":56738,"comment_status":"open","ping_status":"open","sticky":false,"template":"","format":"standard","meta":{"_acf_changed":false,"inline_featured_image":false,"_monsterinsights_skip_tracking":false,"footnotes":""},"categories":[1],"tags":[],"class_list":["post-56737","post","type-post","status-publish","format-standard","has-post-thumbnail","hentry","category-uncategorized-ca","post-projecte-atrapallibres-i-protagonista-jove","post-mon-lij-premis-lij","post-destinatari-centres-educatius","post-destinatari-comunitat-lij","post-destinatari-creadors-lij","post-destinatari-editorials","post-destinatari-families","post-destinatari-llibreries"],"acf":{"photo_gallery":{"galeria":[[]]}},"_links":{"self":[{"href":"https:\/\/www.ibbycat.cat\/es\/wp-json\/wp\/v2\/posts\/56737","targetHints":{"allow":["GET"]}}],"collection":[{"href":"https:\/\/www.ibbycat.cat\/es\/wp-json\/wp\/v2\/posts"}],"about":[{"href":"https:\/\/www.ibbycat.cat\/es\/wp-json\/wp\/v2\/types\/post"}],"author":[{"embeddable":true,"href":"https:\/\/www.ibbycat.cat\/es\/wp-json\/wp\/v2\/users\/3"}],"replies":[{"embeddable":true,"href":"https:\/\/www.ibbycat.cat\/es\/wp-json\/wp\/v2\/comments?post=56737"}],"version-history":[{"count":1,"href":"https:\/\/www.ibbycat.cat\/es\/wp-json\/wp\/v2\/posts\/56737\/revisions"}],"predecessor-version":[{"id":56741,"href":"https:\/\/www.ibbycat.cat\/es\/wp-json\/wp\/v2\/posts\/56737\/revisions\/56741"}],"wp:featuredmedia":[{"embeddable":true,"href":"https:\/\/www.ibbycat.cat\/es\/wp-json\/wp\/v2\/media\/56738"}],"wp:attachment":[{"href":"https:\/\/www.ibbycat.cat\/es\/wp-json\/wp\/v2\/media?parent=56737"}],"wp:term":[{"taxonomy":"category","embeddable":true,"href":"https:\/\/www.ibbycat.cat\/es\/wp-json\/wp\/v2\/categories?post=56737"},{"taxonomy":"post_tag","embeddable":true,"href":"https:\/\/www.ibbycat.cat\/es\/wp-json\/wp\/v2\/tags?post=56737"}],"curies":[{"name":"wp","href":"https:\/\/api.w.org\/{rel}","templated":true}]}}