{"id":57175,"date":"2024-06-25T18:08:03","date_gmt":"2024-06-25T16:08:03","guid":{"rendered":"https:\/\/www.ibbycat.cat\/?p=57175"},"modified":"2024-06-25T18:15:27","modified_gmt":"2024-06-25T16:15:27","slug":"pep-montserrat-premi-nacional-dillustracio-2024","status":"publish","type":"post","link":"https:\/\/www.ibbycat.cat\/es\/pep-montserrat-premi-nacional-dillustracio-2024\/","title":{"rendered":"Pep Montserrat, Premi Nacional d&#8217;Il\u00b7lustraci\u00f3 2024"},"content":{"rendered":"<p>Josep Montserrat Morales, <strong>Pep Montserrat<\/strong>, ha estat guardonat amb el <strong>Premi Nacional d&#8217;Il\u00b7lustraci\u00f3 corresponent a l&#8217;any 2024<\/strong>, a proposta del jurat reunit avui. El jurat ha valorat l&#8217;il\u00b7lustrador \u201cper la <strong>gran capacitat de construir significats<\/strong> que van m\u00e9s enll\u00e0 del simple desplegament visual amb una <strong>veu pr\u00f2pia i reconeixible<\/strong>. Pel <strong>mestratge t\u00e8cnic<\/strong>, la <strong>versatilitat<\/strong> i obertura cap a <strong>diversos camps de la il\u00b7lustraci\u00f3 gr\u00e0fica<\/strong> que han fet de Pep Montserrat un referent indiscutible per a nombrosos professionals\u201d.<\/p>\n<p>Aix\u00ed mateix, el jurat ha destacat \u201cla seva contribuci\u00f3 generosa a la definici\u00f3 de les <strong>bases d&#8217;una pedagogia de la il\u00b7lustraci\u00f3<\/strong> crucials per a la formaci\u00f3 de les futures generacions. La passi\u00f3 pel dibuix que ens transmet la seva feina ha portat Montserrat a assolir una <strong>gran precisi\u00f3 en la narraci\u00f3 a trav\u00e9s d&#8217;imatges<\/strong>, desenvolupant la seva carrera en una \u00e0mplia varietat de formats amb una eleg\u00e0ncia que no deixa indiferent\u201d.<\/p>\n<p>El <strong>Ministeri de Cultura<\/strong> concedeix aquest premi amb l&#8217;objectiu de recon\u00e8ixer i distingir el <strong>conjunt de la tasca realitzada per una il\u00b7lustradora o il\u00b7lustrador espanyol a l&#8217;\u00e0mbit del llibre i de les lletres<\/strong> en qualsevol de les lleng\u00fces oficials espanyoles. El premi, concedit pel Ministeri de Cultura, \u00e9s dotat amb 30.000 euros.<\/p>\n<p>El reconeixement a Montserrat se suma al d&#8217;<strong>altres autors de la LIJ catalana que ja han estat guardonats amb el premi<\/strong>: Maria Rius, Sonia Pulido o els valencians Viv\u00ed Escriv\u00e1 i Paco Gim\u00e9nez.<\/p>\n<p><span style=\"color: #ff0000;\"><strong>Biografia<\/strong><\/span><\/p>\n<p>Pep Montserrat (Monistrol de Montserrat, 22 de desembre de 1966) \u00e9s un il\u00b7lustrador que ha desenvolupat la seva carrera tant a <strong>Espanya<\/strong> com a <strong>nivell internacional<\/strong>. Resident a Barcelona, \u200b\u200b<strong>ha combinat la tasca art\u00edstica amb la doc\u00e8ncia<\/strong>, transmetent els seus coneixements i la seva passi\u00f3 per la il\u00b7lustraci\u00f3 a noves generacions.<\/p>\n<p>Ha estat <strong>col\u00b7laborador habitual a premsa escrita<\/strong>, tant nacional com internacional, on ha il\u00b7lustrat una gran varietat d&#8217;articles i reportatges, aportant sempre una visi\u00f3 molt personal. A m\u00e9s del seu treball a la premsa, Montserrat <strong>ha destacat en l&#8217;\u00e0mbit de la literatura infantil i juvenil<\/strong>, il\u00b7lustrant llibres que han estat publicats a diversos pa\u00efsos d&#8217;Europa, Am\u00e8rica i \u00c0sia.<\/p>\n<p>Pep Montserrat va estudiar Procediments Pict\u00f2rics a l&#8217;<strong>Escola d\u2019Art i Disseny Llotja<\/strong> de Barcelona. Posteriorment, va estudiar Disseny Gr\u00e0fic, comen\u00e7ant a l&#8217;escola <strong>Elisava<\/strong> i seguint dos anys m\u00e9s a <strong>EINA<\/strong>, Centre Universitari de disseny i Art de Barcelona. Al llarg de la seva carrera, ha estat reconegut amb <strong>diversos premis<\/strong>. El 1995, va rebre un <strong>guard\u00f3<\/strong> del Ministeri de Cultura a les <strong>Millors Il\u00b7lustracions de Llibres Infantils i Juvenils<\/strong>, seguit pel <strong>premi Catal\u00f2nia<\/strong> el 1997. A m\u00e9s, ha estat guardonat amb el <strong>premi Junceda d&#8217;Il\u00b7lustraci\u00f3 en dues ocasions<\/strong>, el 2004 i el 2008.<\/p>\n<p>Entre el 2006 i el 2011, les seves obres van formar part de l&#8217;<strong>exposici\u00f3 anual de la Society of lllustrators de Nova York<\/strong>, on el 2008 va ser reconegut amb el Certificate of Merit.<\/p>\n<p>\u00c9s docent des de l&#8217;any 1999 com a <strong>professor del Departament d&#8217;Il\u00b7lustraci\u00f3 de l&#8217;Escola Massana<\/strong> de Barcelona on ha impartit dos cursos d&#8217;il\u00b7lustraci\u00f3 editorial, dins de Massana Permanent durant els cursos de 1998-1999 i 1999-2000. Des de llavors \u00e9s professor al Cicle Superior d&#8217;Il\u00b7lustraci\u00f3 a la mateixa Escola Massana de Barcelona.<\/p>\n<p>A l&#8217;\u00e0mbit televisiu, destaca la seva participaci\u00f3 en programa infantil de TV3 <strong>&#8216;Una m\u00e0 de contes&#8217;<\/strong>. A m\u00e9s, juntament amb l&#8217;escriptora Montse Ganges, Pep Montserrat \u00e9s el creador de la s\u00e8rie d&#8217;animaci\u00f3 Miniman, produ\u00efda per Cromosoma.<\/p>\n<p>Des dels seus inicis <strong>ha treballat amb editorials de llibre infantil i juvenil<\/strong> i tamb\u00e9 per a llibres d&#8217;adults com la Galera, Encreuament, SM, Publicacions de l&#8217;Abadia de Montserrat, Bru\u00f1o, Gaviota, Grijalbo, Anaya, Edelvives, Pirene, Casals o Grup Promotor- Santillana, Edicions de la Magrana, ha col\u00b7laborat amb les editorials Anagrama, Anaya, Aura\/Cercle de Lectors, Combel, Edicions62, Acanto, Mart\u00ednez-Roca, Vintage Books, Random House\/Mondadori, N\u00f2rdica, Viena Editorial, Siruela, Viena Edicions altres.<\/p>\n<p>Des del 2001 forma part de l&#8217;<strong>ag\u00e8ncia d&#8217;il\u00b7lustradors Marlena Agency<\/strong>.<\/p>\n<p><span style=\"color: #ff0000;\"><strong>Jurat<\/strong><\/span><\/p>\n<p>El jurat ha estat presidit per <strong>Mar\u00eda Jos\u00e9 G\u00e1lvez Salvador<\/strong>, directora general del Llibre, del C\u00f2mic i de la Lectura del Ministeri de Cultura; i com a vicepresidenta ha actuat <strong>Almudena Hern\u00e1ndez de la Torre Chicote<\/strong>, subdirectora adjunta de la Subdirecci\u00f3 General de Promoci\u00f3 del Llibre, la Lectura i les Lletres Espanyoles. Com a vocals han actuat <strong>\u00c0frica Fanlo Deu<\/strong>, proposada per l&#8217;Associaci\u00f3 Professional d&#8217;Il\u00b7lustradors de Catalunya; <strong>Juan Bernabeu Lleo<\/strong>, per l&#8217;Associaci\u00f3 Professional d&#8217;Il\u00b7lustradors de Val\u00e8ncia; <strong>Maria Ant\u00f2nia dels \u00c0ngels Santolaya Ruiz-Clavijo<\/strong>, per l&#8217;Associaci\u00f3 Professional d&#8217;Il\u00b7lustradors de Madrid; <strong>Diego Estebo Ortiz<\/strong>, per l&#8217;Associaci\u00f3 Gallega de Professionals de la Il\u00b7lustraci\u00f3; <strong>Asier Iturralde Gonz\u00e1lez d&#8217;Alaiza<\/strong>, per l&#8217;Associaci\u00f3 Professional d&#8217;Il\u00b7lustradors d&#8217;Euskadi; <strong>Llu\u00eds Cadafalch Pladevall<\/strong>, per la Federaci\u00f3 d&#8217;Associacions d&#8217;Il\u00b7lustradors Professionals (FADIP); <strong>Amparo Serrano d&#8217;Haro Soriano<\/strong>, pel Centre d&#8217;Estudis de G\u00e8nere de la UNED; <strong>Eva Mar\u00eda Mejuto Rial<\/strong>, per l&#8217;Organitzaci\u00f3 Espanyola per al Llibre Infantil i Juvenil (OEPLI); <strong>Idoia Iribertegui Iriguibel<\/strong>, pel Ministeri de Cultura; i <strong>Luciana Guti\u00e9rrez Portillo<\/strong>, autora guardonada a la convocat\u00f2ria de 2023.<\/p>\n","protected":false},"excerpt":{"rendered":"<p>Josep Montserrat Morales, Pep Montserrat, ha estat guardonat amb el Premi Nacional d&#8217;Il\u00b7lustraci\u00f3 corresponent a l&#8217;any 2024, a proposta del jurat reunit avui. El jurat ha valorat l&#8217;il\u00b7lustrador \u201cper la gran capacitat de construir significats que van m\u00e9s enll\u00e0 del simple desplegament visual amb una veu pr\u00f2pia i reconeixible. Pel mestratge t\u00e8cnic, la versatilitat i [&hellip;]<\/p>\n","protected":false},"author":3,"featured_media":57180,"comment_status":"open","ping_status":"open","sticky":false,"template":"","format":"standard","meta":{"_acf_changed":false,"inline_featured_image":false,"_monsterinsights_skip_tracking":false,"footnotes":""},"categories":[1],"tags":[],"class_list":["post-57175","post","type-post","status-publish","format-standard","has-post-thumbnail","hentry","category-uncategorized-ca","post-mon-lij-premis-lij","post-destinatari-comunitat-lij"],"acf":{"photo_gallery":{"galeria":[[]]}},"_links":{"self":[{"href":"https:\/\/www.ibbycat.cat\/es\/wp-json\/wp\/v2\/posts\/57175","targetHints":{"allow":["GET"]}}],"collection":[{"href":"https:\/\/www.ibbycat.cat\/es\/wp-json\/wp\/v2\/posts"}],"about":[{"href":"https:\/\/www.ibbycat.cat\/es\/wp-json\/wp\/v2\/types\/post"}],"author":[{"embeddable":true,"href":"https:\/\/www.ibbycat.cat\/es\/wp-json\/wp\/v2\/users\/3"}],"replies":[{"embeddable":true,"href":"https:\/\/www.ibbycat.cat\/es\/wp-json\/wp\/v2\/comments?post=57175"}],"version-history":[{"count":3,"href":"https:\/\/www.ibbycat.cat\/es\/wp-json\/wp\/v2\/posts\/57175\/revisions"}],"predecessor-version":[{"id":57184,"href":"https:\/\/www.ibbycat.cat\/es\/wp-json\/wp\/v2\/posts\/57175\/revisions\/57184"}],"wp:featuredmedia":[{"embeddable":true,"href":"https:\/\/www.ibbycat.cat\/es\/wp-json\/wp\/v2\/media\/57180"}],"wp:attachment":[{"href":"https:\/\/www.ibbycat.cat\/es\/wp-json\/wp\/v2\/media?parent=57175"}],"wp:term":[{"taxonomy":"category","embeddable":true,"href":"https:\/\/www.ibbycat.cat\/es\/wp-json\/wp\/v2\/categories?post=57175"},{"taxonomy":"post_tag","embeddable":true,"href":"https:\/\/www.ibbycat.cat\/es\/wp-json\/wp\/v2\/tags?post=57175"}],"curies":[{"name":"wp","href":"https:\/\/api.w.org\/{rel}","templated":true}]}}