{"id":57884,"date":"2024-07-17T11:12:05","date_gmt":"2024-07-17T09:12:05","guid":{"rendered":"https:\/\/www.ibbycat.cat\/?p=57884"},"modified":"2024-07-23T11:24:18","modified_gmt":"2024-07-23T09:24:18","slug":"pilarin-bayes-guanya-el-28e-premi-trajectoria","status":"publish","type":"post","link":"https:\/\/www.ibbycat.cat\/es\/pilarin-bayes-guanya-el-28e-premi-trajectoria\/","title":{"rendered":"Pilar\u00edn Bay\u00e9s guanya el 28\u00e8 Premi Traject\u00f2ria"},"content":{"rendered":"<p>El Premi Traject\u00f2ria es lliura anualment des del 1997 a un <strong>professional\u00a0vinculat al m\u00f3n de la cultura catalana amb una traject\u00f2ria destacada<\/strong>. El palmar\u00e8s del Premi Traject\u00f2ria ha reconegut, al llarg d\u2019aquests anys,\u00a0carreres s\u00f2lides i compromeses amb el sector literari en catal\u00e0, siguin\u00a0creadors, gestors, editors, distribu\u00efdors o llibreters.<\/p>\n<p>El <strong>28\u00e8 Premi Traject\u00f2ria<\/strong> \u00e9s per a la il\u00b7lustradora <strong>Pilar\u00edn Bay\u00e9s<\/strong> (Vic, 1941). Pilar\u00edn Bay\u00e9s \u00e9s una de les grans il\u00b7lustradores d\u2019aquest pa\u00eds. La seva relaci\u00f3 amb La Setmana del Llibre en Catal\u00e0 \u00e9s destacada i compromesa. La Pilar\u00edn ha estat sempre implicada en La Setmana i hi ha participat de manera activa en pr\u00e0cticament totes les edicions.<\/p>\n<p>El Jurat ha decidit concedir-li el guard\u00f3 perqu\u00e8 <strong>\u00e9s una il\u00b7lustradora \u00fanica,\u00a0amb una obra marcada de gran personalitat que ha il\u00b7lustrat llibres que\u00a0han captivat diverses generacions<\/strong>. Ha il\u00b7lustrat <strong>m\u00e9s de 1.000 llibres<\/strong>, molts\u00a0<strong>tradu\u00efts a diverses llengu\u0308es<\/strong>. Amb la seva eina ha participat activament en\u00a0el proc\u00e9s de <strong>recuperaci\u00f3 de la llengua i la cultura catalanes<\/strong>. Ha publicat a\u00a0moltes editorials, com La Galera, Vicens Vives, l\u2019Abadia de Montserrat o\u00a0Editorial Mediterr\u00e0nia, amb la qual va il\u00b7lustrar prop de 300 n\u00fameros de la\u00a0col\u00b7lecci\u00f3 \u201cPetites Hist\u00f2ries\u201d, la col\u00b7lecci\u00f3 de llibres de cultura per a infants\u00a0m\u00e9s extensa a Catalunya. Va fer les il\u00b7lustracions la \u201cHist\u00f2ria de Catalunya\u201d,\u00a0un dels llibres de la col\u00b7lecci\u00f3 emblem\u00e0tica que va acostar els nens a la\u00a0hist\u00f2ria, festes, tradicions, m\u00fasica i institucions de Catalunya\u2026 Tamb\u00e9 va\u00a0fer la versi\u00f3 il\u00b7lustrada de la B\u00edblia i va fer imatges per publicitar l\u2019escola\u00a0catalana. Molts d\u2019aquests dibuixos van convertir-se en ic\u00f2nics. Tamb\u00e9 ha\u00a0participat en el m\u00f3n audiovisual en la s\u00e8rie de dibuixos animats \u201cL\u2019illa del\u00a0far\u201d.<\/p>\n<p>A dia d\u2019avui, i als 83 anys, Pilar\u00edn Bay\u00e9s es mant\u00e9 molt activa, i dibuixa\u00a0cada dia al seu estudi de Vic, implicada en diversos projectes de primera l\u00ednia.<\/p>\n<p>El <strong>guard\u00f3<\/strong> del Premi Traject\u00f2ria \u00e9s una <strong>obra cedida per un artista<\/strong>. Aquest\u00a0any \u00e9s de l\u2019artista visual <strong>Francesca Llopis<\/strong> (Barcelona, 1956).\u00a0El guard\u00f3 per a la premiada \u00e9s una obra que porta per t\u00edtol <strong>\u201cLlibres\u201d<\/strong>, i que es\u00a0donar\u00e0 a con\u00e8ixer el mateix dia del lliurament, el <strong>25 de setembre<\/strong>.<\/p>\n","protected":false},"excerpt":{"rendered":"<p>El Premi Traject\u00f2ria es lliura anualment des del 1997 a un professional\u00a0vinculat al m\u00f3n de la cultura catalana amb una traject\u00f2ria destacada. El palmar\u00e8s del Premi Traject\u00f2ria ha reconegut, al llarg d\u2019aquests anys,\u00a0carreres s\u00f2lides i compromeses amb el sector literari en catal\u00e0, siguin\u00a0creadors, gestors, editors, distribu\u00efdors o llibreters. El 28\u00e8 Premi Traject\u00f2ria \u00e9s per a [&hellip;]<\/p>\n","protected":false},"author":3,"featured_media":57885,"comment_status":"open","ping_status":"open","sticky":false,"template":"","format":"standard","meta":{"_acf_changed":false,"rs_blank_template":"","rs_page_bg_color":"","slide_template_v7":"","inline_featured_image":false,"_monsterinsights_skip_tracking":false,"footnotes":""},"categories":[1],"tags":[],"class_list":["post-57884","post","type-post","status-publish","format-standard","has-post-thumbnail","hentry","category-uncategorized-ca","post-mon-lij-premis-lij","post-destinatari-dinteres-general"],"acf":{"photo_gallery":{"galeria":[[]]}},"_links":{"self":[{"href":"https:\/\/www.ibbycat.cat\/es\/wp-json\/wp\/v2\/posts\/57884","targetHints":{"allow":["GET"]}}],"collection":[{"href":"https:\/\/www.ibbycat.cat\/es\/wp-json\/wp\/v2\/posts"}],"about":[{"href":"https:\/\/www.ibbycat.cat\/es\/wp-json\/wp\/v2\/types\/post"}],"author":[{"embeddable":true,"href":"https:\/\/www.ibbycat.cat\/es\/wp-json\/wp\/v2\/users\/3"}],"replies":[{"embeddable":true,"href":"https:\/\/www.ibbycat.cat\/es\/wp-json\/wp\/v2\/comments?post=57884"}],"version-history":[{"count":3,"href":"https:\/\/www.ibbycat.cat\/es\/wp-json\/wp\/v2\/posts\/57884\/revisions"}],"predecessor-version":[{"id":57890,"href":"https:\/\/www.ibbycat.cat\/es\/wp-json\/wp\/v2\/posts\/57884\/revisions\/57890"}],"wp:featuredmedia":[{"embeddable":true,"href":"https:\/\/www.ibbycat.cat\/es\/wp-json\/wp\/v2\/media\/57885"}],"wp:attachment":[{"href":"https:\/\/www.ibbycat.cat\/es\/wp-json\/wp\/v2\/media?parent=57884"}],"wp:term":[{"taxonomy":"category","embeddable":true,"href":"https:\/\/www.ibbycat.cat\/es\/wp-json\/wp\/v2\/categories?post=57884"},{"taxonomy":"post_tag","embeddable":true,"href":"https:\/\/www.ibbycat.cat\/es\/wp-json\/wp\/v2\/tags?post=57884"}],"curies":[{"name":"wp","href":"https:\/\/api.w.org\/{rel}","templated":true}]}}