{"id":58145,"date":"2024-07-30T13:53:42","date_gmt":"2024-07-30T11:53:42","guid":{"rendered":"https:\/\/www.ibbycat.cat\/?p=58145"},"modified":"2024-07-30T13:53:42","modified_gmt":"2024-07-30T11:53:42","slug":"la-fundacio-sm-convoca-la-47a-edicio-dels-premis-sm-el-vaixell-de-vapor-i-gran-angular","status":"publish","type":"post","link":"https:\/\/www.ibbycat.cat\/es\/la-fundacio-sm-convoca-la-47a-edicio-dels-premis-sm-el-vaixell-de-vapor-i-gran-angular\/","title":{"rendered":"La Fundaci\u00f3 SM convoca la 47a edici\u00f3 dels Premis SM El Vaixell de Vapor i Gran Angular"},"content":{"rendered":"<p>La <strong>Fundaci\u00f3 SM<\/strong> convoca a Espanya la <strong>47a edici\u00f3 dels Premis SM El Vaixell de Vapor i Gran Angular<\/strong> per tal de promoure la creaci\u00f3 d&#8217;una literatura per a infants i joves que fomenti el <strong>gust per la lectura<\/strong> i transmeti, amb <strong>qualitat liter\u00e0ria<\/strong>, uns <strong>valors humans, socials, culturals<\/strong> que ajudin a construir un m\u00f3n millor.<\/p>\n<p>Aquests guardons, dotats de <strong>35.000 euros<\/strong>, s\u00f3n els m\u00e9s rellevants del m\u00f3n en l&#8217;\u00e0mbit de la literatura infantil i juvenil en castell\u00e0, fet que contribueix a rebre un gran nombre d&#8217;originals procedents de tot Espanya i diversos pa\u00efsos d&#8217;Am\u00e8rica Llatina.<\/p>\n<p>El <strong>termini d&#8217;admissi\u00f3<\/strong> d&#8217;originals es tancar\u00e0 l&#8217;<strong>1 de setembre del 2024<\/strong> i poden optar al Premi tots els escriptors que ho desitgin, majors d&#8217;edat, sigui quina sigui la seva nacionalitat o proced\u00e8ncia.<\/p>\n<p>La decisi\u00f3 del jurat ser\u00e0 inapel\u00b7lable i es far\u00e0 p\u00fablica en el transcurs d&#8217;un acte que tindr\u00e0 lloc el primer quadrimestre del 2025.<\/p>\n<p>En la <strong>passada edici\u00f3<\/strong> van resultar guanyadores les obres <em><strong>La leyenda del samur\u00e1i y la mariposa azul<\/strong><\/em>, de <strong>Pedro Caldas<\/strong>, en literatura infantil i <em><strong>Intruso<\/strong><\/em>, de <strong>David Lozano<\/strong>, a la categoria juvenil.<\/p>\n<p><a href=\"https:\/\/es.literaturasm.com\/sites\/default\/files\/BasesPremiosElBarcoDeVapor_2025.pdf\" target=\"_blank\" rel=\"noopener\">Consulteu les bases del Premi SM El Vaixell de Vapor<\/a><br \/>\n<a href=\"https:\/\/es.literaturasm.com\/sites\/default\/files\/BasesPremiosGA_2025.pdf\" target=\"_blank\" rel=\"noopener\">Consulteu les bases del Premi SM Gran Angular<\/a><\/p>\n","protected":false},"excerpt":{"rendered":"<p>La Fundaci\u00f3 SM convoca a Espanya la 47a edici\u00f3 dels Premis SM El Vaixell de Vapor i Gran Angular per tal de promoure la creaci\u00f3 d&#8217;una literatura per a infants i joves que fomenti el gust per la lectura i transmeti, amb qualitat liter\u00e0ria, uns valors humans, socials, culturals que ajudin a construir un m\u00f3n [&hellip;]<\/p>\n","protected":false},"author":3,"featured_media":58146,"comment_status":"open","ping_status":"open","sticky":false,"template":"","format":"standard","meta":{"_acf_changed":false,"rs_blank_template":"","rs_page_bg_color":"","slide_template_v7":"","inline_featured_image":false,"_monsterinsights_skip_tracking":false,"footnotes":""},"categories":[1],"tags":[],"class_list":["post-58145","post","type-post","status-publish","format-standard","has-post-thumbnail","hentry","category-uncategorized-ca","post-mon-lij-premis-lij","post-destinatari-creadors-lij"],"acf":{"photo_gallery":{"galeria":[[]]}},"_links":{"self":[{"href":"https:\/\/www.ibbycat.cat\/es\/wp-json\/wp\/v2\/posts\/58145","targetHints":{"allow":["GET"]}}],"collection":[{"href":"https:\/\/www.ibbycat.cat\/es\/wp-json\/wp\/v2\/posts"}],"about":[{"href":"https:\/\/www.ibbycat.cat\/es\/wp-json\/wp\/v2\/types\/post"}],"author":[{"embeddable":true,"href":"https:\/\/www.ibbycat.cat\/es\/wp-json\/wp\/v2\/users\/3"}],"replies":[{"embeddable":true,"href":"https:\/\/www.ibbycat.cat\/es\/wp-json\/wp\/v2\/comments?post=58145"}],"version-history":[{"count":1,"href":"https:\/\/www.ibbycat.cat\/es\/wp-json\/wp\/v2\/posts\/58145\/revisions"}],"predecessor-version":[{"id":58149,"href":"https:\/\/www.ibbycat.cat\/es\/wp-json\/wp\/v2\/posts\/58145\/revisions\/58149"}],"wp:featuredmedia":[{"embeddable":true,"href":"https:\/\/www.ibbycat.cat\/es\/wp-json\/wp\/v2\/media\/58146"}],"wp:attachment":[{"href":"https:\/\/www.ibbycat.cat\/es\/wp-json\/wp\/v2\/media?parent=58145"}],"wp:term":[{"taxonomy":"category","embeddable":true,"href":"https:\/\/www.ibbycat.cat\/es\/wp-json\/wp\/v2\/categories?post=58145"},{"taxonomy":"post_tag","embeddable":true,"href":"https:\/\/www.ibbycat.cat\/es\/wp-json\/wp\/v2\/tags?post=58145"}],"curies":[{"name":"wp","href":"https:\/\/api.w.org\/{rel}","templated":true}]}}