{"id":58333,"date":"2024-09-03T20:29:10","date_gmt":"2024-09-03T18:29:10","guid":{"rendered":"https:\/\/www.ibbycat.cat\/?p=58333"},"modified":"2024-09-10T09:49:19","modified_gmt":"2024-09-10T07:49:19","slug":"els-premis-lecxit-2024-fan-una-crida-per-donar-a-coneixer-bones-practiques-de-promocio-de-la-lectura","status":"publish","type":"post","link":"https:\/\/www.ibbycat.cat\/es\/els-premis-lecxit-2024-fan-una-crida-per-donar-a-coneixer-bones-practiques-de-promocio-de-la-lectura\/","title":{"rendered":"Els Premis Lecxit 2024 fan una crida per donar a con\u00e8ixer bones pr\u00e0ctiques de promoci\u00f3 de la lectura"},"content":{"rendered":"<p>Els Premis Lecxit2024 busquen <strong>experi\u00e8ncies de promoci\u00f3 de la lectura en infants<\/strong>. Per aix\u00f2, fan una crida a projectes de centres educatius, biblioteques, entitats socials i organismes p\u00fablics&#8230;<\/p>\n<ul>\n<li>Amb una <strong>visi\u00f3 comunit\u00e0ria<\/strong>, que aglutinen al seu voltant diferents recursos socials i educatius del territori, aix\u00ed com la participaci\u00f3 de voluntariat.<\/li>\n<li>Que tenen la lectura com un element de treball per l\u2019<strong>equitat<\/strong> i la <strong>igualtat<\/strong> d\u2019oportunitats educatives de la inf\u00e0ncia.<\/li>\n<li>Que destaquin per la seva <strong>creativitat<\/strong> i <strong>innovaci\u00f3<\/strong>.<\/li>\n<li>Que incloguin eines per <strong>mesurar el seu impacte<\/strong> i que siguin replicables.<\/li>\n<\/ul>\n<p>El jurat seleccionar\u00e0\u00a0<strong>10<\/strong>\u00a0dels projectes presentats que seran destacats com a \u201c<strong>bones pr\u00e0ctiques<\/strong>\u201d. Aquests 10 projectes formaran part d\u2019una\u00a0<strong>publicaci\u00f3 impresa<\/strong> de \u201cbones pr\u00e0ctiques en la promoci\u00f3 de la lectura a la inf\u00e0ncia\u201d i es publicaran a la seva web el 2025.<\/p>\n<p>Si teniu un programa que <strong>impulsa oportunitats<\/strong> a trav\u00e9s de la lectura, presenteu-vos-hi. <strong>Fins al 30 de setembre.<\/strong><\/p>\n<p>M\u00e9s informaci\u00f3 <a href=\"https:\/\/fundaciobofill.cat\/noticies\/premis-lecxit-2024-lectura-equitat-crida-projectes\" target=\"_blank\" rel=\"noopener\">aqu\u00ed<\/a>.<\/p>\n","protected":false},"excerpt":{"rendered":"<p>Els Premis Lecxit2024 busquen experi\u00e8ncies de promoci\u00f3 de la lectura en infants. Per aix\u00f2, fan una crida a projectes de centres educatius, biblioteques, entitats socials i organismes p\u00fablics&#8230; Amb una visi\u00f3 comunit\u00e0ria, que aglutinen al seu voltant diferents recursos socials i educatius del territori, aix\u00ed com la participaci\u00f3 de voluntariat. Que tenen la lectura com [&hellip;]<\/p>\n","protected":false},"author":3,"featured_media":58337,"comment_status":"open","ping_status":"open","sticky":false,"template":"","format":"standard","meta":{"_acf_changed":false,"inline_featured_image":false,"_monsterinsights_skip_tracking":false,"footnotes":""},"categories":[1],"tags":[],"class_list":["post-58333","post","type-post","status-publish","format-standard","has-post-thumbnail","hentry","category-uncategorized-ca","post-mon-lij-promocio-lectura","post-destinatari-biblioteques","post-destinatari-centres-educatius","post-destinatari-entitats-culturals","post-destinatari-llibreries"],"acf":{"photo_gallery":{"galeria":[[]]}},"_links":{"self":[{"href":"https:\/\/www.ibbycat.cat\/es\/wp-json\/wp\/v2\/posts\/58333","targetHints":{"allow":["GET"]}}],"collection":[{"href":"https:\/\/www.ibbycat.cat\/es\/wp-json\/wp\/v2\/posts"}],"about":[{"href":"https:\/\/www.ibbycat.cat\/es\/wp-json\/wp\/v2\/types\/post"}],"author":[{"embeddable":true,"href":"https:\/\/www.ibbycat.cat\/es\/wp-json\/wp\/v2\/users\/3"}],"replies":[{"embeddable":true,"href":"https:\/\/www.ibbycat.cat\/es\/wp-json\/wp\/v2\/comments?post=58333"}],"version-history":[{"count":4,"href":"https:\/\/www.ibbycat.cat\/es\/wp-json\/wp\/v2\/posts\/58333\/revisions"}],"predecessor-version":[{"id":58343,"href":"https:\/\/www.ibbycat.cat\/es\/wp-json\/wp\/v2\/posts\/58333\/revisions\/58343"}],"wp:featuredmedia":[{"embeddable":true,"href":"https:\/\/www.ibbycat.cat\/es\/wp-json\/wp\/v2\/media\/58337"}],"wp:attachment":[{"href":"https:\/\/www.ibbycat.cat\/es\/wp-json\/wp\/v2\/media?parent=58333"}],"wp:term":[{"taxonomy":"category","embeddable":true,"href":"https:\/\/www.ibbycat.cat\/es\/wp-json\/wp\/v2\/categories?post=58333"},{"taxonomy":"post_tag","embeddable":true,"href":"https:\/\/www.ibbycat.cat\/es\/wp-json\/wp\/v2\/tags?post=58333"}],"curies":[{"name":"wp","href":"https:\/\/api.w.org\/{rel}","templated":true}]}}