{"id":59524,"date":"2024-10-23T11:55:54","date_gmt":"2024-10-23T09:55:54","guid":{"rendered":"https:\/\/www.ibbycat.cat\/?p=59524"},"modified":"2024-10-25T12:00:03","modified_gmt":"2024-10-25T10:00:03","slug":"autors-dels-premis-al-festival-42","status":"publish","type":"post","link":"https:\/\/www.ibbycat.cat\/es\/autors-dels-premis-al-festival-42\/","title":{"rendered":"Autors dels Premis, al Festival 42"},"content":{"rendered":"<p>\ud83d\udce2 <strong>ATENCI\u00d3 JURAT DELS PREMIS!<\/strong><\/p>\n<p>Tenim activitats amb autors de <strong>diverses edicions dels Premis<\/strong> al <strong>Festival 42<\/strong>!, presentat avui en roda de premsa.<\/p>\n<p>En la seva 4a edici\u00f3, <strong>del 6-10\/11<\/strong>, el festival omplir\u00e0 la <strong>Fabra i Coats<\/strong> de dracs, talent i imaginaci\u00f3!<\/p>\n<p>\ud83d\udfe2 <a href=\"https:\/\/www.barcelona.cat\/festival42\/ca\/programacio\/programacio-42\/t-kingfisher-magia-galetes-feminisme-i-un-llibreter\" target=\"_blank\" rel=\"noopener\">T. KINGFISHER: M\u00c0GIA, GALETES, FEMINISME&#8230; I UN LLIBRETER<\/a><br \/>\nConversa de l&#8217;autora amb J\u00falia Baena<\/p>\n<p>\ud83d\udcc5 9\/11, 17:15 h<\/p>\n<p>\ud83d\udfe2 <a href=\"https:\/\/www.barcelona.cat\/festival42\/ca\/programacio\/programacio-42\/amors-prohibits-vampirs-i-cancons-mes-enlla-del-juvenil\" target=\"_blank\" rel=\"noopener\">AMORS PROHIBITS, VAMPIRS I CAN\u00c7ONS: M\u00c9S ENLL\u00c0 DEL JUVENIL<\/a><br \/>\nTaula rodona amb David Cirici, Selena Soro, Marc Artigau i Joan Antoni Mart\u00edn Pi\u00f1ol.<br \/>\nModerat per Isabel del R\u00edo.<\/p>\n<p>\ud83d\udcc5 1\/11, 10 h<\/p>\n<p>\ud83d\udfe2 <a href=\"https:\/\/www.barcelona.cat\/festival42\/ca\/programacio\/programacio-42\/del-mite-la-llegenda-de-la-llegenda-la-foscor\" target=\"_blank\" rel=\"noopener\">DEL MITE A LA LLEGENDA, DE LA LLEGENDA A LA FOSCOR<\/a><br \/>\nTaula rodona amb Iv\u00e1n Ledesma, Clara Cort\u00e9s, Marta Garc\u00eda Andilla i Ferran d\u2019Armengol.<br \/>\nModerat per Elena Polanco<\/p>\n<p>\ud83d\udcc5 1\/11, 12 h<\/p>\n<p>\ud83d\udfe2 <a href=\"https:\/\/www.barcelona.cat\/festival42\/ca\/programacio\/el-42-als-instituts\" target=\"_blank\" rel=\"noopener\">EL 42 ALS INSTITUTS<\/a><br \/>\nEn el marc del projecte \u201cLectures explosives\u201d, que forma part d&#8217;\u201cAcci\u00f3 lectora\u201d de Biblioteques de Barcelona, 7 instituts de la ciutat participaran en el 42.<\/p>\n<p>Amb Selena Soro, T. Kingfisher, Iv\u00e1n Ledesma, David Cirici, Teresa Mu\u00f1oz i C\u00e9sar Mallorqu\u00ed.<\/p>\n","protected":false},"excerpt":{"rendered":"<p>\ud83d\udce2 ATENCI\u00d3 JURAT DELS PREMIS! Tenim activitats amb autors de diverses edicions dels Premis al Festival 42!, presentat avui en roda de premsa. En la seva 4a edici\u00f3, del 6-10\/11, el festival omplir\u00e0 la Fabra i Coats de dracs, talent i imaginaci\u00f3! \ud83d\udfe2 T. KINGFISHER: M\u00c0GIA, GALETES, FEMINISME&#8230; I UN LLIBRETER Conversa de l&#8217;autora amb [&hellip;]<\/p>\n","protected":false},"author":3,"featured_media":59533,"comment_status":"open","ping_status":"open","sticky":false,"template":"","format":"standard","meta":{"_acf_changed":false,"rs_blank_template":"","rs_page_bg_color":"","slide_template_v7":"","inline_featured_image":false,"_monsterinsights_skip_tracking":false,"footnotes":""},"categories":[1],"tags":[],"class_list":["post-59524","post","type-post","status-publish","format-standard","has-post-thumbnail","hentry","category-uncategorized-ca","post-projecte-atrapallibres-i-protagonista-jove","post-mon-lij-autors-lij","post-mon-lij-fires-i-festivals-lij","post-destinatari-biblioteques","post-destinatari-centres-educatius","post-destinatari-families","post-destinatari-llibreries"],"acf":{"photo_gallery":{"galeria":[[]]}},"_links":{"self":[{"href":"https:\/\/www.ibbycat.cat\/es\/wp-json\/wp\/v2\/posts\/59524","targetHints":{"allow":["GET"]}}],"collection":[{"href":"https:\/\/www.ibbycat.cat\/es\/wp-json\/wp\/v2\/posts"}],"about":[{"href":"https:\/\/www.ibbycat.cat\/es\/wp-json\/wp\/v2\/types\/post"}],"author":[{"embeddable":true,"href":"https:\/\/www.ibbycat.cat\/es\/wp-json\/wp\/v2\/users\/3"}],"replies":[{"embeddable":true,"href":"https:\/\/www.ibbycat.cat\/es\/wp-json\/wp\/v2\/comments?post=59524"}],"version-history":[{"count":1,"href":"https:\/\/www.ibbycat.cat\/es\/wp-json\/wp\/v2\/posts\/59524\/revisions"}],"predecessor-version":[{"id":59529,"href":"https:\/\/www.ibbycat.cat\/es\/wp-json\/wp\/v2\/posts\/59524\/revisions\/59529"}],"wp:featuredmedia":[{"embeddable":true,"href":"https:\/\/www.ibbycat.cat\/es\/wp-json\/wp\/v2\/media\/59533"}],"wp:attachment":[{"href":"https:\/\/www.ibbycat.cat\/es\/wp-json\/wp\/v2\/media?parent=59524"}],"wp:term":[{"taxonomy":"category","embeddable":true,"href":"https:\/\/www.ibbycat.cat\/es\/wp-json\/wp\/v2\/categories?post=59524"},{"taxonomy":"post_tag","embeddable":true,"href":"https:\/\/www.ibbycat.cat\/es\/wp-json\/wp\/v2\/tags?post=59524"}],"curies":[{"name":"wp","href":"https:\/\/api.w.org\/{rel}","templated":true}]}}