{"id":59577,"date":"2024-10-28T15:53:57","date_gmt":"2024-10-28T14:53:57","guid":{"rendered":"https:\/\/www.ibbycat.cat\/?p=59577"},"modified":"2024-10-28T15:58:49","modified_gmt":"2024-10-28T14:58:49","slug":"mor-lescriptor-i-guionista-miquel-obiols-un-dels-autors-mes-trencadors-de-casa-nostra-i-membre-de-la-llista-dhonor-de-la-lij-catalana","status":"publish","type":"post","link":"https:\/\/www.ibbycat.cat\/es\/mor-lescriptor-i-guionista-miquel-obiols-un-dels-autors-mes-trencadors-de-casa-nostra-i-membre-de-la-llista-dhonor-de-la-lij-catalana\/","title":{"rendered":"Mor l&#8217;escriptor i guionista Miquel Obiols, un dels autors m\u00e9s trencadors de casa nostra i membre de la Llista d\u2019Honor de la LIJ catalana"},"content":{"rendered":"<p>El passat diumenge <strong>27 d&#8217;octubre<\/strong> ens va deixar <strong>Miquel Obiols Prat<\/strong> (Roda de Ter, 14 d&#8217;abril de 1945 &#8211; Taradell, 27 d&#8217;octubre de 2024), <strong>escriptor<\/strong>, <strong>guionista<\/strong>, creador i director dels primers <strong>programes infantils de televisi\u00f3<\/strong> en catal\u00e0, i un dels 40 homenatjats que, ara far\u00e0 dos anys, inauguraven la Llista d\u2019Honor de la Literatura Infantil i Juvenil Catalana.<\/p>\n<p>Tal com ens explicava Gl\u00f2ria Gorchs en la seva fitxa biogr\u00e0fica, quan Miquel Obiols va comen\u00e7ar a publicar, alguns el comparaven amb <strong>Gianni Rodari<\/strong>, tot i que Obiols sempre explicava que no l\u2019havia llegit mai encara. Ell es declarava hereu de <strong>Lewis Carroll<\/strong> i molt influenciat pel llibre de <strong>Peter Bichsel<\/strong> <em>Cosa de nens<\/em> (Los Cuatro Azules, 2019).<\/p>\n<p>L\u2019entrada al m\u00f3n de la creaci\u00f3 de Miquel Obiols arriba l\u2019any <strong>1977<\/strong> per partida doble: per una banda, es dona a con\u00e8ixer amb l\u2019obra de narrativa infantil <em><strong>Ai, Filomena, Filomena! i altres contes<\/strong><\/em> (1977, reeditat el 2012), premi de la Cr\u00edtica Serra d\u2019Or, i per l\u2019altra crea amb Josep M. Vidal i Comediants el primer programa catal\u00e0 de televisi\u00f3 infantil i juvenil, <strong>Terra d\u2019escudella<\/strong>, amb qu\u00e8 va guanyar el Premi Ondas. A partir d\u2019aleshores ja no deixa d\u2019escriure ni de fer televisi\u00f3.<\/p>\n<p>Obiols, a m\u00e9s, \u00e9s el creador d&#8217;altres obres trencadores i subversives com <em><strong>El tigre de Mary Plexigl\u00e0s<\/strong><\/em> (1987), el <em><strong>Llibre de les M&#8217;Al\u00edcies<\/strong><\/em> (1990) o <em><strong>He tornat a jugar amb la mare i se m&#8217;ha espatllat<\/strong><\/em> (2010).<\/p>\n<p>L\u2019any 1992 rep el prestigi\u00f3s <strong>premi internacional Critici in Erba de Bolonya<\/strong> pels set volums de l\u2019obra infantil <em><strong>Iris<\/strong><\/em> (1991), il\u00b7lustrats per Carme Sol\u00e9 Vendrell.<\/p>\n<p>Tamb\u00e9 \u00e9s <strong>un dels tres autors nascuts a Roda de Ter<\/strong> \u2014juntament amb Miquel Mart\u00ed i Pol i Emili Teixidor\u2014, que com analitzava Pep Molist en el seu article <a href=\"https:\/\/llibresalrepla.cat\/?p=6769\" target=\"_blank\" rel=\"noopener\">El curi\u00f3s cas de l\u2019Escola parroquial de Roda de Ter<\/a> van excel\u00b7lir en l\u2019univers literari.<\/p>\n<p>Podeu llegir el seu\u00a0<strong>perfil biogr\u00e0fic<\/strong>\u00a0dins la llista d\u2019homenatjats de la LIJ\u00a0<a href=\"https:\/\/www.ibbycat.cat\/wp-content\/uploads\/FITXES-CLIJ-1.pdf\" target=\"_blank\" rel=\"noopener\">aqu\u00ed<\/a>.<\/p>\n<p>Podeu llegir que l&#8217;<strong>entrevista<\/strong> que li va fer Arantxa Bea a la nostra revista Faristol <a href=\"https:\/\/www.ibbycat.cat\/wp-content\/uploads\/7_76.pdf\" target=\"_blank\" rel=\"noopener\">aqu\u00ed<\/a>.<\/p>\n<p>Podeu llegir l&#8217;<strong>article<\/strong> que <strong>Obiols<\/strong> va escriure <strong>sobre Rodari<\/strong> <a href=\"https:\/\/www.ibbycat.cat\/wp-content\/uploads\/5_91.pdf\" target=\"_blank\" rel=\"noopener\">aqu\u00ed<\/a>.<\/p>\n<p>Podeu llegir les <strong>cr\u00edtiques dels seus llibres<\/strong> a Faristol utilitzant el <a href=\"https:\/\/www.clijcat.cat\/faristol\/\" target=\"_blank\" rel=\"noopener\">cercador de cr\u00edtiques<\/a>.<\/p>\n<p>I, a continuaci\u00f3, totes les <strong>not\u00edcies<\/strong> que s&#8217;han publicat als mitjans de comunicaci\u00f3 arran de la seva mort:<br \/>\n<a href=\"https:\/\/www.elpuntavui.cat\/cultura\/article\/19-cultura\/2472804-mor-als-79-anys-el-guionista-i-escriptor-miquel-obiols.html?utm_source=twitter&amp;utm_medium=xarxes&amp;utm_campaign=xarxes\" target=\"_blank\" rel=\"noopener\">El Punt Avui<\/a><br \/>\n<a href=\"https:\/\/www.elperiodico.com\/es\/ocio-y-cultura\/20241027\/muere-79-anos-guionista-escritor-miquel-obiols-110637918?utm_source=twitter&amp;utm_medium=social&amp;utm_campaign=btn-share\" target=\"_blank\" rel=\"noopener\">El Peri\u00f3dico<\/a><br \/>\n<a href=\"https:\/\/www.vilaweb.cat\/noticies\/sha-mort-79-anys-lescriptor-gionista-miquel-obiols\/\" target=\"_blank\" rel=\"noopener\">Vilaweb<\/a><br \/>\n<a href=\"https:\/\/www.3cat.cat\/324\/mor-als-79-anys-el-guionista-i-escriptor-miquel-obiols-director-de-planeta-imaginari\/noticia\/3318602\/\" target=\"_blank\" rel=\"noopener\">324<\/a><br \/>\n<a href=\"https:\/\/x.com\/rtvenoticies\/status\/1850530030322913527\" target=\"_blank\" rel=\"noopener\">RTVE Not\u00edcies<\/a><\/p>\n<p>&nbsp;<\/p>\n","protected":false},"excerpt":{"rendered":"<p>El passat diumenge 27 d&#8217;octubre ens va deixar Miquel Obiols Prat (Roda de Ter, 14 d&#8217;abril de 1945 &#8211; Taradell, 27 d&#8217;octubre de 2024), escriptor, guionista, creador i director dels primers programes infantils de televisi\u00f3 en catal\u00e0, i un dels 40 homenatjats que, ara far\u00e0 dos anys, inauguraven la Llista d\u2019Honor de la Literatura Infantil [&hellip;]<\/p>\n","protected":false},"author":3,"featured_media":59587,"comment_status":"open","ping_status":"open","sticky":false,"template":"","format":"standard","meta":{"_acf_changed":false,"rs_blank_template":"","rs_page_bg_color":"","slide_template_v7":"","inline_featured_image":false,"_monsterinsights_skip_tracking":false,"footnotes":""},"categories":[1],"tags":[],"class_list":["post-59577","post","type-post","status-publish","format-standard","has-post-thumbnail","hentry","category-uncategorized-ca","post-projecte-ibbycat","post-mon-lij-efemerides-homenatges-lij","post-destinatari-comunitat-lij","post-destinatari-dinteres-general"],"acf":{"photo_gallery":{"galeria":[[]]}},"_links":{"self":[{"href":"https:\/\/www.ibbycat.cat\/es\/wp-json\/wp\/v2\/posts\/59577","targetHints":{"allow":["GET"]}}],"collection":[{"href":"https:\/\/www.ibbycat.cat\/es\/wp-json\/wp\/v2\/posts"}],"about":[{"href":"https:\/\/www.ibbycat.cat\/es\/wp-json\/wp\/v2\/types\/post"}],"author":[{"embeddable":true,"href":"https:\/\/www.ibbycat.cat\/es\/wp-json\/wp\/v2\/users\/3"}],"replies":[{"embeddable":true,"href":"https:\/\/www.ibbycat.cat\/es\/wp-json\/wp\/v2\/comments?post=59577"}],"version-history":[{"count":5,"href":"https:\/\/www.ibbycat.cat\/es\/wp-json\/wp\/v2\/posts\/59577\/revisions"}],"predecessor-version":[{"id":59593,"href":"https:\/\/www.ibbycat.cat\/es\/wp-json\/wp\/v2\/posts\/59577\/revisions\/59593"}],"wp:featuredmedia":[{"embeddable":true,"href":"https:\/\/www.ibbycat.cat\/es\/wp-json\/wp\/v2\/media\/59587"}],"wp:attachment":[{"href":"https:\/\/www.ibbycat.cat\/es\/wp-json\/wp\/v2\/media?parent=59577"}],"wp:term":[{"taxonomy":"category","embeddable":true,"href":"https:\/\/www.ibbycat.cat\/es\/wp-json\/wp\/v2\/categories?post=59577"},{"taxonomy":"post_tag","embeddable":true,"href":"https:\/\/www.ibbycat.cat\/es\/wp-json\/wp\/v2\/tags?post=59577"}],"curies":[{"name":"wp","href":"https:\/\/api.w.org\/{rel}","templated":true}]}}