{"id":69586,"date":"2025-01-09T16:17:21","date_gmt":"2025-01-09T15:17:21","guid":{"rendered":"https:\/\/www.ibbycat.cat\/?p=69586"},"modified":"2025-01-09T16:21:04","modified_gmt":"2025-01-09T15:21:04","slug":"lali-miro-guanya-el-xliii-premi-destino-infantil-apelles-mestres-amb-lobra-el-37-del-carrer-major","status":"publish","type":"post","link":"https:\/\/www.ibbycat.cat\/es\/lali-miro-guanya-el-xliii-premi-destino-infantil-apelles-mestres-amb-lobra-el-37-del-carrer-major\/","title":{"rendered":"Lali Mir\u00f3 guanya el XLIII Premi Destino Infantil &#8211; Apel\u00b7les Mestres amb l&#8217;obra &#8216;El 37 del Carrer Major&#8217;"},"content":{"rendered":"<p>El jurat de l&#8217;\u00faltima edici\u00f3 del Premi Destino Infantil &#8211; Apel\u00b7les Mestres, compost per David Sierra, Paula Jarr\u00edn, Pedro Ma\u00f1as, Albert Array\u00e1s i Anna Casals, ha acordat per unanimitat atorgar el premi a <em><strong>El 37 del Carrer Major<\/strong><\/em>, amb <strong>text i il\u00b7lustracions de Lali Mir\u00f3<\/strong>.<\/p>\n<p>Lali Mir\u00f3 Batlle viu i treballa a <strong>Barcelona<\/strong>, al barri de Sants. Va estudiar il\u00b7lustraci\u00f3 a l&#8217;<strong>Escola de la Dona<\/strong> i m\u00e9s tard a l&#8217;<strong>\u00c9cole Duperr\u00e9<\/strong>, a Par\u00eds. El any 2021, despr\u00e9s de dos anys treballant en l&#8217;\u00e0mbit social, va decidir iniciar el seu cam\u00ed com a il\u00b7lustradora professional. <strong>S&#8217;inspira en la quotidianitat<\/strong>, l&#8217;anar i venir de les persones, els balcons i les finestres de la seva ciutat, i tots els racons per on passen coses inadvertides per\u00f2 extraordin\u00e0ries.<\/p>\n<p>Ha signat els \u00e0lbums <em><strong>El contagi<\/strong><\/em>, amb el qual va guanyar el <strong>premi d&#8217;\u00c1lbum Il\u00b7lustrat Vila de T\u00e9rmens 2023<\/strong> i <em><strong>A la recerca del mico perdut<\/strong><\/em>, amb textos d&#8217;Oriol Canosa. Al llarg de la seva <strong>resid\u00e8ncia creativa a Faberllull<\/strong>, a Olot, organitzada per l&#8217;Institut Ramon Llull, va treballar en un llibre il\u00b7lustrat per a l&#8217;editorial eslovena Zalozba Hart, escrit per Barbara Hanus.<\/p>\n<p>El 37 del Carrer Major \u00e9s un conte ple de tendresa i delicadesa. Al llarg de les seves p\u00e0gines, ens convertim en uns ve\u00efns m\u00e9s del carrer meravell\u00f3s pel qual camina en Nel. <strong>Un conte amb un regust cl\u00e0ssic que tracta temes com la solidaritat entre ve\u00efns<\/strong>, les relacions entre diverses generacions i la soledat, i que ens recorda que a vegades els petits gestos s\u00f3n capa\u00e7os de fer del m\u00f3n un lloc millor.<\/p>\n<p>Enhorabona!<\/p>\n","protected":false},"excerpt":{"rendered":"<p>El jurat de l&#8217;\u00faltima edici\u00f3 del Premi Destino Infantil &#8211; Apel\u00b7les Mestres, compost per David Sierra, Paula Jarr\u00edn, Pedro Ma\u00f1as, Albert Array\u00e1s i Anna Casals, ha acordat per unanimitat atorgar el premi a El 37 del Carrer Major, amb text i il\u00b7lustracions de Lali Mir\u00f3. Lali Mir\u00f3 Batlle viu i treballa a Barcelona, al barri [&hellip;]<\/p>\n","protected":false},"author":3,"featured_media":69587,"comment_status":"open","ping_status":"open","sticky":false,"template":"","format":"standard","meta":{"_acf_changed":false,"rs_blank_template":"","rs_page_bg_color":"","slide_template_v7":"","inline_featured_image":false,"_monsterinsights_skip_tracking":false,"footnotes":""},"categories":[1],"tags":[],"class_list":["post-69586","post","type-post","status-publish","format-standard","has-post-thumbnail","hentry","category-uncategorized-ca","post-mon-lij-premis-lij","post-destinatari-dinteres-general"],"acf":{"photo_gallery":{"galeria":[[]]}},"_links":{"self":[{"href":"https:\/\/www.ibbycat.cat\/es\/wp-json\/wp\/v2\/posts\/69586","targetHints":{"allow":["GET"]}}],"collection":[{"href":"https:\/\/www.ibbycat.cat\/es\/wp-json\/wp\/v2\/posts"}],"about":[{"href":"https:\/\/www.ibbycat.cat\/es\/wp-json\/wp\/v2\/types\/post"}],"author":[{"embeddable":true,"href":"https:\/\/www.ibbycat.cat\/es\/wp-json\/wp\/v2\/users\/3"}],"replies":[{"embeddable":true,"href":"https:\/\/www.ibbycat.cat\/es\/wp-json\/wp\/v2\/comments?post=69586"}],"version-history":[{"count":5,"href":"https:\/\/www.ibbycat.cat\/es\/wp-json\/wp\/v2\/posts\/69586\/revisions"}],"predecessor-version":[{"id":69594,"href":"https:\/\/www.ibbycat.cat\/es\/wp-json\/wp\/v2\/posts\/69586\/revisions\/69594"}],"wp:featuredmedia":[{"embeddable":true,"href":"https:\/\/www.ibbycat.cat\/es\/wp-json\/wp\/v2\/media\/69587"}],"wp:attachment":[{"href":"https:\/\/www.ibbycat.cat\/es\/wp-json\/wp\/v2\/media?parent=69586"}],"wp:term":[{"taxonomy":"category","embeddable":true,"href":"https:\/\/www.ibbycat.cat\/es\/wp-json\/wp\/v2\/categories?post=69586"},{"taxonomy":"post_tag","embeddable":true,"href":"https:\/\/www.ibbycat.cat\/es\/wp-json\/wp\/v2\/tags?post=69586"}],"curies":[{"name":"wp","href":"https:\/\/api.w.org\/{rel}","templated":true}]}}