{"id":7613,"date":"2022-06-23T12:22:51","date_gmt":"2022-06-23T10:22:51","guid":{"rendered":"https:\/\/www.ibbycat.cat\/?p=7613"},"modified":"2022-06-23T12:22:51","modified_gmt":"2022-06-23T10:22:51","slug":"missio-deditors-inversa-termini-11-de-juliol","status":"publish","type":"post","link":"https:\/\/www.ibbycat.cat\/es\/missio-deditors-inversa-termini-11-de-juliol\/","title":{"rendered":"Missi\u00f3 d&#8217;editors inversa. Termini: 11 de juliol!"},"content":{"rendered":"<p><span style=\"color: #000000;\">Aquest 2022, l\u2019<strong><a style=\"color: #000000;\" href=\"https:\/\/www.llull.cat\/catala\/home\/index.cfm\" target=\"_blank\" rel=\"noopener noreferrer\">Institut Ramon Llull<\/a><\/strong>\u00a0organitzar\u00e0 una nova\u00a0<strong>missi\u00f3 d\u2019editors\/es i agents internacionals<\/strong>. Ser\u00e0 la sisena en col\u00b7laboraci\u00f3 amb la<strong>\u00a0<a style=\"color: #000000;\" href=\"http:\/\/www.lasetmana.cat\/\" target=\"_blank\" rel=\"noopener noreferrer\">Setmana del Llibre en Catal\u00e0<\/a><\/strong>\u00a0i es desenvolupar\u00e0\u00a0<strong>del 12 al 16 de setembre <\/strong><\/span>al Col\u00b7legi d\u2019Arquitectes de Catalunya (COAC) al costat de la Catedral (Pla\u00e7a Nova, 5).<\/p>\n<p>La llista dels participants internacionals de LIJ \u00e9s la seg\u00fcent:<\/p>\n<p><strong>EDITORS\/ES DE LITERATURA INFANTIL I JUVENIL:<\/strong><\/p>\n<p>Argentina: Manuel Rud (Limonero)<\/p>\n<p>Emirats \u00c0rabs: Lina Chebaro (Thaqafa)<\/p>\n<p>Estats Units d\u2019Am\u00e8rica: Karen Boss (Charlesbridge Publishing)<\/p>\n<p>It\u00e0lia: Lisa Toppi (Topipittori)<\/p>\n<p>Pol\u00f2nia: Monika Wr\u00f3bel-Lutz (Tatarak)<\/p>\n<p>S\u00e8rbia: Vesna Milosevic (Data Status)<\/p>\n<p>Su\u00efssa: Carina Diez Solari (\u00c9ditions La Joie de lire)<\/p>\n<p>Turquia: Nazlican Saltan (Dogan Yayinlari)<\/p>\n<p>Ucra\u00efna: Ivan Fedechko (The Old Lion Publishing House)<\/p>\n<p>Els editors i agents que vulguin participar en les reunions de 30\u2019 els dies 14, 15 i 16 de setembre han de posar-se en contacte amb l\u2019Institut Ramon Llull abans de l\u201911 de juliol.<\/p>\n<p>Per a cites amb editors de LIJ podeu contactar amb el Carles Navarrete:\u00a0<a href=\"mailto:cnavarrete@llull.cat\" target=\"_blank\" rel=\"noopener noreferrer\"><strong>cnavarrete@llull.cat<\/strong><\/a><\/p>\n<p>Recordeu que l\u2019IRL disposa d\u2019<strong><a href=\"https:\/\/www.gremieditors.cat\/subvencions-elaboracio-materials-obres-literatura-catalana\/\" target=\"_blank\" rel=\"noopener noreferrer\">ajuts per a la traducci\u00f3 de fragments d\u2019obres i per a la producci\u00f3 de dossiers promocionals<\/a><\/strong>. El segon termini estar\u00e0 obert fins el 25 d\u2019octubre.<\/p>\n","protected":false},"excerpt":{"rendered":"<p>Aquest 2022, l\u2019Institut Ramon Llull\u00a0organitzar\u00e0 una nova\u00a0missi\u00f3 d\u2019editors\/es i agents internacionals. Ser\u00e0 la sisena en col\u00b7laboraci\u00f3 amb la\u00a0Setmana del Llibre en Catal\u00e0\u00a0i es desenvolupar\u00e0\u00a0del 12 al 16 de setembre al Col\u00b7legi d\u2019Arquitectes de Catalunya (COAC) al costat de la Catedral (Pla\u00e7a Nova, 5). La llista dels participants internacionals de LIJ \u00e9s la seg\u00fcent: EDITORS\/ES DE [&hellip;]<\/p>\n","protected":false},"author":3,"featured_media":7614,"comment_status":"open","ping_status":"open","sticky":false,"template":"","format":"standard","meta":{"_acf_changed":false,"rs_blank_template":"","rs_page_bg_color":"","slide_template_v7":"","inline_featured_image":false,"_monsterinsights_skip_tracking":false,"footnotes":""},"categories":[1],"tags":[],"class_list":["post-7613","post","type-post","status-publish","format-standard","has-post-thumbnail","hentry","category-uncategorized-ca","post-mon-lij-editorials-lij","post-destinatari-editorials"],"acf":{"photo_gallery":{"galeria":[[]]}},"_links":{"self":[{"href":"https:\/\/www.ibbycat.cat\/es\/wp-json\/wp\/v2\/posts\/7613","targetHints":{"allow":["GET"]}}],"collection":[{"href":"https:\/\/www.ibbycat.cat\/es\/wp-json\/wp\/v2\/posts"}],"about":[{"href":"https:\/\/www.ibbycat.cat\/es\/wp-json\/wp\/v2\/types\/post"}],"author":[{"embeddable":true,"href":"https:\/\/www.ibbycat.cat\/es\/wp-json\/wp\/v2\/users\/3"}],"replies":[{"embeddable":true,"href":"https:\/\/www.ibbycat.cat\/es\/wp-json\/wp\/v2\/comments?post=7613"}],"version-history":[{"count":1,"href":"https:\/\/www.ibbycat.cat\/es\/wp-json\/wp\/v2\/posts\/7613\/revisions"}],"predecessor-version":[{"id":7616,"href":"https:\/\/www.ibbycat.cat\/es\/wp-json\/wp\/v2\/posts\/7613\/revisions\/7616"}],"wp:featuredmedia":[{"embeddable":true,"href":"https:\/\/www.ibbycat.cat\/es\/wp-json\/wp\/v2\/media\/7614"}],"wp:attachment":[{"href":"https:\/\/www.ibbycat.cat\/es\/wp-json\/wp\/v2\/media?parent=7613"}],"wp:term":[{"taxonomy":"category","embeddable":true,"href":"https:\/\/www.ibbycat.cat\/es\/wp-json\/wp\/v2\/categories?post=7613"},{"taxonomy":"post_tag","embeddable":true,"href":"https:\/\/www.ibbycat.cat\/es\/wp-json\/wp\/v2\/tags?post=7613"}],"curies":[{"name":"wp","href":"https:\/\/api.w.org\/{rel}","templated":true}]}}