{"id":7625,"date":"2022-06-23T13:05:04","date_gmt":"2022-06-23T11:05:04","guid":{"rendered":"https:\/\/www.ibbycat.cat\/?p=7625"},"modified":"2022-06-23T13:05:04","modified_gmt":"2022-06-23T11:05:04","slug":"oberta-la-preinscripcio-a-la-14a-edicio-del-master-de-biblioteques-escolars-i-promocio-de-la-lectura","status":"publish","type":"post","link":"https:\/\/www.ibbycat.cat\/es\/oberta-la-preinscripcio-a-la-14a-edicio-del-master-de-biblioteques-escolars-i-promocio-de-la-lectura\/","title":{"rendered":"Oberta la preinscripci\u00f3 a la 14a edici\u00f3 del M\u00e0ster de Biblioteques escolars i Promoci\u00f3 de la lectura!"},"content":{"rendered":"<p><span class=\"css-901oao css-16my406 r-poiln3 r-bcqeeo r-qvutc0\">Oberta la preinscripci\u00f3 a la 14a edici\u00f3 del M\u00e0ster de Biblioteques escolars i Promoci\u00f3 de la lectura. Organitzat per la Universitat Aut\u00f2noma de Barcelona (UAB) i per la Universitat de Barcelona (UB).<\/span><\/p>\n<p>Vols aprendre a crear i transformar les biblioteques escolars en entorns d\u2019aprenentatge que facilitin tot tipus de recursos i serveis? T\u2019interessa saber com es dissenyen i executen plans de lectura de centre (PLEC)? \u00a0Vols seleccionar i donar a con\u00e8ixer llibres infantils i juvenils en diverses formes i suports? Tens ganes de desenvolupar projectes socials amb incid\u00e8ncia en els h\u00e0bits lectors de la poblaci\u00f3?<\/p>\n<p>Si pertanys al col\u00b7lectiu de professorat d\u2019educaci\u00f3 prim\u00e0ria i secund\u00e0ria, al de bibliotecaris i documentalistes, al de mediadors i promotors culturals, o al d\u2019educadors del lleure, gestors culturals o de professionals del m\u00f3n de l\u2019edici\u00f3, aquest m\u00e0ster est\u00e0 pensat per a tu!<\/p>\n<p><strong>Per qu\u00e8 triar-lo?<\/strong><\/p>\n<p>Perqu\u00e8 \u00e9s l\u2019\u00fanic m\u00e0ster oficial que existeix\u00a0a Catalunya i a l\u2019estat espanyol en aquesta mat\u00e8ria i compta amb el reconeixement del Departament d\u2019Educaci\u00f3 per al perfil docent especialitzat en \u00abLectura i biblioteca escolar\u00bb.<\/p>\n<p>Les assignatures, impartides per professorat especialista de m\u00faltiples departaments de la UAB i la UB, combinen el treball virtual i les sessions presencials amb intervencions de professionals de prestigi, visites a institucions i sortides culturals.<\/p>\n<p><strong>Sortides professionals<\/strong><\/p>\n<p>El m\u00e0ster forma responsables de biblioteques escolars i de seccions infantils de biblioteques p\u00fabliques i centres de recursos, animadors socioculturals, professionals del llibre i de l&#8217;edici\u00f3, professionals implicats en els plans de lectura de tot tipus d&#8217;administracions p\u00fabliques o d&#8217;altres iniciatives socials al voltant de l&#8217;acc\u00e9s de la poblaci\u00f3 a la cultura escrita.<\/p>\n<p><span class=\"css-901oao css-16my406 r-poiln3 r-bcqeeo r-qvutc0\">Podeu trobar m\u00e9s informaci\u00f3 i fer la preinscripci\u00f3 <a href=\"https:\/\/www.uab.cat\/web\/estudiar\/l-oferta-de-masters-oficials\/admissio\/sol-licitud-d-admissio\/biblioteca-escolar-i-promocio-de-la-lectura-1096480673621.html?param1=1204099143591\" target=\"_blank\" rel=\"noopener\">aqu\u00ed<\/a>.<\/span><\/p>\n","protected":false},"excerpt":{"rendered":"<p>Oberta la preinscripci\u00f3 a la 14a edici\u00f3 del M\u00e0ster de Biblioteques escolars i Promoci\u00f3 de la lectura. Organitzat per la Universitat Aut\u00f2noma de Barcelona (UAB) i per la Universitat de Barcelona (UB). Vols aprendre a crear i transformar les biblioteques escolars en entorns d\u2019aprenentatge que facilitin tot tipus de recursos i serveis? T\u2019interessa saber com [&hellip;]<\/p>\n","protected":false},"author":3,"featured_media":7628,"comment_status":"open","ping_status":"open","sticky":false,"template":"","format":"standard","meta":{"_acf_changed":false,"rs_blank_template":"","rs_page_bg_color":"","slide_template_v7":"","inline_featured_image":false,"_monsterinsights_skip_tracking":false,"footnotes":""},"categories":[1],"tags":[],"class_list":["post-7625","post","type-post","status-publish","format-standard","has-post-thumbnail","hentry","category-uncategorized-ca","post-mon-lij-formacio-lij","post-destinatari-dinteres-general"],"acf":{"photo_gallery":{"galeria":[[]]}},"_links":{"self":[{"href":"https:\/\/www.ibbycat.cat\/es\/wp-json\/wp\/v2\/posts\/7625","targetHints":{"allow":["GET"]}}],"collection":[{"href":"https:\/\/www.ibbycat.cat\/es\/wp-json\/wp\/v2\/posts"}],"about":[{"href":"https:\/\/www.ibbycat.cat\/es\/wp-json\/wp\/v2\/types\/post"}],"author":[{"embeddable":true,"href":"https:\/\/www.ibbycat.cat\/es\/wp-json\/wp\/v2\/users\/3"}],"replies":[{"embeddable":true,"href":"https:\/\/www.ibbycat.cat\/es\/wp-json\/wp\/v2\/comments?post=7625"}],"version-history":[{"count":1,"href":"https:\/\/www.ibbycat.cat\/es\/wp-json\/wp\/v2\/posts\/7625\/revisions"}],"predecessor-version":[{"id":7630,"href":"https:\/\/www.ibbycat.cat\/es\/wp-json\/wp\/v2\/posts\/7625\/revisions\/7630"}],"wp:featuredmedia":[{"embeddable":true,"href":"https:\/\/www.ibbycat.cat\/es\/wp-json\/wp\/v2\/media\/7628"}],"wp:attachment":[{"href":"https:\/\/www.ibbycat.cat\/es\/wp-json\/wp\/v2\/media?parent=7625"}],"wp:term":[{"taxonomy":"category","embeddable":true,"href":"https:\/\/www.ibbycat.cat\/es\/wp-json\/wp\/v2\/categories?post=7625"},{"taxonomy":"post_tag","embeddable":true,"href":"https:\/\/www.ibbycat.cat\/es\/wp-json\/wp\/v2\/tags?post=7625"}],"curies":[{"name":"wp","href":"https:\/\/api.w.org\/{rel}","templated":true}]}}