{"id":7652,"date":"2022-06-28T16:32:52","date_gmt":"2022-06-28T14:32:52","guid":{"rendered":"https:\/\/www.ibbycat.cat\/?p=7652"},"modified":"2022-06-28T16:32:52","modified_gmt":"2022-06-28T14:32:52","slug":"llegeixen-els-joves-com-on-quan-que","status":"publish","type":"post","link":"https:\/\/www.ibbycat.cat\/es\/llegeixen-els-joves-com-on-quan-que\/","title":{"rendered":"Llegeixen, els joves? Com? On? Quan? Qu\u00e8?"},"content":{"rendered":"<p>Article publicat ub.edu\/blokdebid\/<\/p>\n<p><time class=\"entry-date published\" datetime=\"2022-06-15T11:26:40+02:00\">8 de juny del 2022<\/time><\/p>\n<p>Per <strong>Jaume Centelles<\/strong>, promotor de l\u2019Espai Llamps i Centelles<\/p>\n<hr \/>\n<p>En el m\u00f3n escolar, sovint ens fem moltes preguntes relacionades amb la lectura i la literatura cr\u00edtica: som un pa\u00eds lector? En quins suports llegiran els nostres alumnes quan siguin grans? Qu\u00e8 han de llegir? Qui els acompanyar\u00e0 en el seu cam\u00ed lector? Llegim per plaer? Llegim per compartir viv\u00e8ncies? Llegim per superviv\u00e8ncia? Necessitem llegir? Ficci\u00f3, o coneixements? Imaginem un futur sense llibres? Com esdevenim lectors? Per atzar, o per influ\u00e8ncia de la fam\u00edlia i l\u2019escola? La lectura \u00e9s una q\u00fcesti\u00f3 valorada socialment? Els familiars saben com ajudar els infants per fer-los m\u00e9s lectors? Etc\u00e8tera.<\/p>\n<p>Sabem que el llibre, a casa nostra, no \u00e9s, o no ha estat, el centre del m\u00f3n. Fins no fa m\u00e9s de quaranta o cinquanta anys, el m\u00f3n editorial, els llibres, les biblioteques i les llibreries eren un b\u00e9 esc\u00e0s. Sortosament, en aquest sentit, hem anat avan\u00e7ant i ara podr\u00edem dir que estem arribant a albirar el que fan altres pa\u00efsos amb m\u00e9s tradici\u00f3. Per exemple, estem veient com s\u2019obren moltes llibreries i proliferen les noves editorials, fet inaudit que ens fa veure el futur amb esperan\u00e7a.<\/p>\n<p>La <strong>Fundaci\u00f3n Germ\u00e1n S\u00e1nchez Ruip\u00e9rez<\/strong>\u00a0a trav\u00e9s del seu\u00a0<strong>Laboratorio Contempor\u00e1neo de Fomento de la Lectura<\/strong> acaba de publicar un <strong>estudi sobre els joves i la lectura<\/strong>.<\/p>\n<p>Pots llegir l\u2019article complet\u00a0<strong><a href=\"https:\/\/www.ub.edu\/blokdebid\/ca\/content\/llegeixen-els-joves-com-quan-que\" target=\"_blank\" rel=\"noopener\">aqu\u00ed<\/a><\/strong>.<\/p>\n","protected":false},"excerpt":{"rendered":"<p>Article publicat ub.edu\/blokdebid\/ 8 de juny del 2022 Per Jaume Centelles, promotor de l\u2019Espai Llamps i Centelles En el m\u00f3n escolar, sovint ens fem moltes preguntes relacionades amb la lectura i la literatura cr\u00edtica: som un pa\u00eds lector? En quins suports llegiran els nostres alumnes quan siguin grans? Qu\u00e8 han de llegir? Qui els acompanyar\u00e0 [&hellip;]<\/p>\n","protected":false},"author":3,"featured_media":7653,"comment_status":"open","ping_status":"open","sticky":false,"template":"","format":"standard","meta":{"_acf_changed":false,"rs_blank_template":"","rs_page_bg_color":"","slide_template_v7":"","inline_featured_image":false,"_monsterinsights_skip_tracking":false,"footnotes":""},"categories":[1],"tags":[],"class_list":["post-7652","post","type-post","status-publish","format-standard","has-post-thumbnail","hentry","category-uncategorized-ca","post-mon-lij-publicacions-lij","post-destinatari-biblioteques","post-destinatari-centres-educatius","post-destinatari-dinteres-general"],"acf":{"photo_gallery":{"galeria":[[]]}},"_links":{"self":[{"href":"https:\/\/www.ibbycat.cat\/es\/wp-json\/wp\/v2\/posts\/7652","targetHints":{"allow":["GET"]}}],"collection":[{"href":"https:\/\/www.ibbycat.cat\/es\/wp-json\/wp\/v2\/posts"}],"about":[{"href":"https:\/\/www.ibbycat.cat\/es\/wp-json\/wp\/v2\/types\/post"}],"author":[{"embeddable":true,"href":"https:\/\/www.ibbycat.cat\/es\/wp-json\/wp\/v2\/users\/3"}],"replies":[{"embeddable":true,"href":"https:\/\/www.ibbycat.cat\/es\/wp-json\/wp\/v2\/comments?post=7652"}],"version-history":[{"count":1,"href":"https:\/\/www.ibbycat.cat\/es\/wp-json\/wp\/v2\/posts\/7652\/revisions"}],"predecessor-version":[{"id":7655,"href":"https:\/\/www.ibbycat.cat\/es\/wp-json\/wp\/v2\/posts\/7652\/revisions\/7655"}],"wp:featuredmedia":[{"embeddable":true,"href":"https:\/\/www.ibbycat.cat\/es\/wp-json\/wp\/v2\/media\/7653"}],"wp:attachment":[{"href":"https:\/\/www.ibbycat.cat\/es\/wp-json\/wp\/v2\/media?parent=7652"}],"wp:term":[{"taxonomy":"category","embeddable":true,"href":"https:\/\/www.ibbycat.cat\/es\/wp-json\/wp\/v2\/categories?post=7652"},{"taxonomy":"post_tag","embeddable":true,"href":"https:\/\/www.ibbycat.cat\/es\/wp-json\/wp\/v2\/tags?post=7652"}],"curies":[{"name":"wp","href":"https:\/\/api.w.org\/{rel}","templated":true}]}}