{"id":84663,"date":"2025-01-13T14:00:16","date_gmt":"2025-01-13T13:00:16","guid":{"rendered":"https:\/\/www.ibbycat.cat\/?p=84663"},"modified":"2025-01-17T14:06:53","modified_gmt":"2025-01-17T13:06:53","slug":"barcelona-epicentre-del-comic-al-pavello-unesco-del-festival-dangulema","status":"publish","type":"post","link":"https:\/\/www.ibbycat.cat\/es\/barcelona-epicentre-del-comic-al-pavello-unesco-del-festival-dangulema\/","title":{"rendered":"Barcelona, epicentre del c\u00f2mic al Pavell\u00f3 UNESCO del Festival d\u2019Angulema"},"content":{"rendered":"<div class=\"col-xs-12 col-sm-6 pull-left\">\n<p class=\"entradeta\"><strong>La capital catalana porta una exposici\u00f3 i diferents activitats per a tots els p\u00fablics al prestigi\u00f3s esdeveniment, que tindr\u00e0 lloc del 30 de gener al 2 de febrer.<\/strong><\/p>\n<div class=\"content\">\n<p>Compte enrere per a una nova edici\u00f3 del\u00a0<a href=\"https:\/\/www.bdangouleme.com\/\" target=\"_blank\" rel=\"noopener noreferrer\"><strong>Festival International de la Bande Dessin\u00e9e d\u2019Angulema 2025<\/strong><\/a>\u00a0<strong>(FIBD)<\/strong>, un dels esdeveniments m\u00e9s destacats del m\u00f3n del c\u00f2mic a nivell global. Se celebrar\u00e0\u00a0<strong>entre el 30 de gener i el 2 de febrer<\/strong>,\u00a0<strong>i el c\u00f2mic barcelon\u00ed hi tindr\u00e0 un protagonisme especial<\/strong>, ja que la capital catalana, junt amb el Quebec, \u00e9s la\u00a0<a href=\"https:\/\/ajuntament.barcelona.cat\/ciutatdelaliteratura\/ca\/fibd-angouleme-2025-barcelona-ciutat-convidada-del-pavello-unesco\" target=\"_blank\" rel=\"noopener\"><strong>convidada al Pavell\u00f3 UNESCO d\u2019aquesta edici\u00f3<\/strong><\/a>. La invitaci\u00f3, que permetr\u00e0 apropar la feina dels autors i autores de la ciutat a un p\u00fablic molt especialitzat, arriba en el marc de la\u00a0<strong>Xarxa de Ciutats de la Literatura<\/strong>\u00a0<strong>de la UNESCO<\/strong>: tant Barcelona com Angulema en formen part. El regidor de Cultura i Ind\u00fastries Creatives de l\u2019Ajuntament de Barcelona,<strong>\u00a0Xavier Marc\u00e9<\/strong>, encap\u00e7alar\u00e0 la representaci\u00f3 institucional de la capital catalana a la ciutat francesa i participar\u00e0 en l\u2019acte inaugural, dijous 30 de gener.<\/p>\n<p>L\u2019exposici\u00f3 \u201c<strong>Barcelona en vinyetes<\/strong>\u201d ser\u00e0 l\u2019eix central de la pres\u00e8ncia barcelonina. La mostra proposa un recorregut visual per diversos escenaris de la ciutat, com els edificis de Gaud\u00ed i els carrers del Barri G\u00f2tic. Aquestes localitzacions, sovint amb un paper protagonista, han estat representades per autors locals i internacionals en g\u00e8neres que van de l\u2019humor al polic\u00edac, del costumisme al c\u00f2mic social.<\/p>\n<p>L\u2019exposici\u00f3 posa de relleu la relaci\u00f3 de Barcelona amb el m\u00f3n de la historieta, destacant la seva condici\u00f3 de bressol del c\u00f2mic a l\u2019Estat espanyol i centre de producci\u00f3 nacional i internacional. Amb una mirada hist\u00f2rica, es recorden des de les revistes sat\u00edriques de principis del segle XX fins a obres recents.<\/p>\n<p>A m\u00e9s de l\u2019exposici\u00f3, Barcelona presentar\u00e0 un programa d\u2019activitats variat, i que inclou debats sobre la influ\u00e8ncia del c\u00f2mic en la ciutat, tallers creatius per a totes les edats i fins i tot una competici\u00f3 de dibuix en directe entre artistes catalans i quebequesos. Els autors i autores\u00a0<strong>Jordi Lafebre, Sandra Cardona, Nadia Hafid, Marc Torices, Pep Brocal i Sara Soler<\/strong>\u00a0seran presents a Angulema per compartir la seva experi\u00e8ncia en confer\u00e8ncies i activitats interactives. La selecci\u00f3 d\u2019aquests artistes ha estat un treball conjunt entre l\u2019<strong>ICUB, el Consorci de Biblioteques de Barcelona, FICOMIC i l\u2019Institut Ramon Llull<\/strong>. Davant el gruix i import\u00e0ncia dels noms que configuren el sector del c\u00f2mic de Barcelona, i la seva impossibilitat de ser cenyits a nom\u00e9s mitja dotzena de noms, s\u2019ha donat prioritat a autors i autores amb obres publicades recentment a Fran\u00e7a, per editorials francobelgues de primera magnitud, la qual cosa hauria de permetre mostrar l\u2019alta qualitat del c\u00f2mic fet a Barcelona i a Catalunya.<\/p>\n<p>El FIBD, nascut fa mig segle (el 25 de gener del 1974) i que els \u00faltims anys ha assolit una xifra de visitants per edici\u00f3 d\u2019unes 200.000 persones, ofereix un extens programa d\u2019activitats amb presentacions de novetats, exposicions, signatures i altres propostes. Trobareu tots els detalls de la programaci\u00f3 prevista a la seva <a href=\"https:\/\/www.bdangouleme.com\/\" target=\"_blank\" rel=\"noopener noreferrer\">web oficial<\/a>.<\/p>\n<p>M\u00e9s informaci\u00f3 sobre la participaci\u00f3 de Barcelona,\u00a0<a href=\"https:\/\/ajuntament.barcelona.cat\/ciutatdelaliteratura\/ca\/fibd-angouleme-2025-barcelona-ciutat-convidada-del-pavello-unesco\" target=\"_blank\" rel=\"noopener\">aqu\u00ed<\/a>.<\/p>\n<\/div>\n<\/div>\n","protected":false},"excerpt":{"rendered":"<p>La capital catalana porta una exposici\u00f3 i diferents activitats per a tots els p\u00fablics al prestigi\u00f3s esdeveniment, que tindr\u00e0 lloc del 30 de gener al 2 de febrer. Compte enrere per a una nova edici\u00f3 del\u00a0Festival International de la Bande Dessin\u00e9e d\u2019Angulema 2025\u00a0(FIBD), un dels esdeveniments m\u00e9s destacats del m\u00f3n del c\u00f2mic a nivell global. [&hellip;]<\/p>\n","protected":false},"author":3,"featured_media":84667,"comment_status":"open","ping_status":"open","sticky":false,"template":"","format":"standard","meta":{"_acf_changed":false,"rs_blank_template":"","rs_page_bg_color":"","slide_template_v7":"","inline_featured_image":false,"_monsterinsights_skip_tracking":false,"footnotes":""},"categories":[1],"tags":[],"class_list":["post-84663","post","type-post","status-publish","format-standard","has-post-thumbnail","hentry","category-uncategorized-ca","post-mon-lij-generes-lij","post-mon-lij-sector","post-destinatari-comunitat-lij"],"acf":{"photo_gallery":{"galeria":[[]]}},"_links":{"self":[{"href":"https:\/\/www.ibbycat.cat\/es\/wp-json\/wp\/v2\/posts\/84663","targetHints":{"allow":["GET"]}}],"collection":[{"href":"https:\/\/www.ibbycat.cat\/es\/wp-json\/wp\/v2\/posts"}],"about":[{"href":"https:\/\/www.ibbycat.cat\/es\/wp-json\/wp\/v2\/types\/post"}],"author":[{"embeddable":true,"href":"https:\/\/www.ibbycat.cat\/es\/wp-json\/wp\/v2\/users\/3"}],"replies":[{"embeddable":true,"href":"https:\/\/www.ibbycat.cat\/es\/wp-json\/wp\/v2\/comments?post=84663"}],"version-history":[{"count":2,"href":"https:\/\/www.ibbycat.cat\/es\/wp-json\/wp\/v2\/posts\/84663\/revisions"}],"predecessor-version":[{"id":84671,"href":"https:\/\/www.ibbycat.cat\/es\/wp-json\/wp\/v2\/posts\/84663\/revisions\/84671"}],"wp:featuredmedia":[{"embeddable":true,"href":"https:\/\/www.ibbycat.cat\/es\/wp-json\/wp\/v2\/media\/84667"}],"wp:attachment":[{"href":"https:\/\/www.ibbycat.cat\/es\/wp-json\/wp\/v2\/media?parent=84663"}],"wp:term":[{"taxonomy":"category","embeddable":true,"href":"https:\/\/www.ibbycat.cat\/es\/wp-json\/wp\/v2\/categories?post=84663"},{"taxonomy":"post_tag","embeddable":true,"href":"https:\/\/www.ibbycat.cat\/es\/wp-json\/wp\/v2\/tags?post=84663"}],"curies":[{"name":"wp","href":"https:\/\/api.w.org\/{rel}","templated":true}]}}