{"id":84698,"date":"2025-01-16T08:48:24","date_gmt":"2025-01-16T07:48:24","guid":{"rendered":"https:\/\/www.ibbycat.cat\/?p=84698"},"modified":"2025-01-20T08:52:45","modified_gmt":"2025-01-20T07:52:45","slug":"la-ibby-honour-list-2024-inicia-la-seva-gira-internacional","status":"publish","type":"post","link":"https:\/\/www.ibbycat.cat\/es\/la-ibby-honour-list-2024-inicia-la-seva-gira-internacional\/","title":{"rendered":"La IBBY Honour List 2024 inicia la seva\u00a0gira internacional"},"content":{"rendered":"<p>La <strong>mostra<\/strong> dels llibres seleccionats a la prestigiosa\u00a0<strong>llista d&#8217;honor de l&#8217;IBBY 2024<\/strong> ja ha comen\u00e7at a rodar pel m\u00f3n. Fins al <strong>26 de gener<\/strong> es pot veure al <strong>Museu d&#8217;Art Halland<\/strong>, a Halmstadt, <strong>Su\u00e8cia<\/strong>.<\/p>\n<p>Recordem que en aquesta llista, que recull cada 2 anys els llibres proposats per totes les seccions nacionals de l\u2019IBBY per la seva qualitat, s&#8217;hi troben les <strong>obres de 2 autors catalans<\/strong>:\u00a0<strong>Pep Molist<\/strong>\u00a0amb la seva obra\u00a0<em>Rastellera de colors<\/em>, en la categoria d\u2019escriptors, i\u00a0<strong>Merc\u00e8 Ubach<\/strong>, per la seva traducci\u00f3 d\u2019<em>Alma s&#8217;aixeca vent<\/em>.<\/p>\n<p>Un cop deixi Su\u00e8cia, la mostra <strong>seguir\u00e0 itinerant per tot el m\u00f3n<\/strong>\u00a0en exposicions i fires de llibres, i es presentar\u00e0 a les col\u00b7leccions permanents de la Llista d\u2019Honor que hi ha a la International Youth Library de Munic, al Swiss Institute for Child and Youth Media de Zurich, a la Bibiana Research Collection de Bratislava, al JBBY Tokyo i a la Northwestern University a Evanston, Illinois.<\/p>\n<p><strong>Enhorabona un cop m\u00e9s als nostres guanyadors!<\/strong><\/p>\n<p><a href=\"https:\/\/www.ibby.org\/awards-activities\/awards\/ibby-honour-list\/ibby-honour-list-2024\" target=\"_blank\" rel=\"noopener\">Veure la IBBY Honour List 2024<\/a><\/p>\n","protected":false},"excerpt":{"rendered":"<p>La mostra dels llibres seleccionats a la prestigiosa\u00a0llista d&#8217;honor de l&#8217;IBBY 2024 ja ha comen\u00e7at a rodar pel m\u00f3n. Fins al 26 de gener es pot veure al Museu d&#8217;Art Halland, a Halmstadt, Su\u00e8cia. Recordem que en aquesta llista, que recull cada 2 anys els llibres proposats per totes les seccions nacionals de l\u2019IBBY per [&hellip;]<\/p>\n","protected":false},"author":3,"featured_media":84699,"comment_status":"open","ping_status":"open","sticky":false,"template":"","format":"standard","meta":{"_acf_changed":false,"rs_blank_template":"","rs_page_bg_color":"","slide_template_v7":"","inline_featured_image":false,"_monsterinsights_skip_tracking":false,"footnotes":""},"categories":[1],"tags":[],"class_list":["post-84698","post","type-post","status-publish","format-standard","has-post-thumbnail","hentry","category-uncategorized-ca","post-projecte-ibby-oepli","post-mon-lij-seleccions-lij","post-destinatari-comunitat-lij"],"acf":{"photo_gallery":{"galeria":[[]]}},"_links":{"self":[{"href":"https:\/\/www.ibbycat.cat\/es\/wp-json\/wp\/v2\/posts\/84698","targetHints":{"allow":["GET"]}}],"collection":[{"href":"https:\/\/www.ibbycat.cat\/es\/wp-json\/wp\/v2\/posts"}],"about":[{"href":"https:\/\/www.ibbycat.cat\/es\/wp-json\/wp\/v2\/types\/post"}],"author":[{"embeddable":true,"href":"https:\/\/www.ibbycat.cat\/es\/wp-json\/wp\/v2\/users\/3"}],"replies":[{"embeddable":true,"href":"https:\/\/www.ibbycat.cat\/es\/wp-json\/wp\/v2\/comments?post=84698"}],"version-history":[{"count":1,"href":"https:\/\/www.ibbycat.cat\/es\/wp-json\/wp\/v2\/posts\/84698\/revisions"}],"predecessor-version":[{"id":84702,"href":"https:\/\/www.ibbycat.cat\/es\/wp-json\/wp\/v2\/posts\/84698\/revisions\/84702"}],"wp:featuredmedia":[{"embeddable":true,"href":"https:\/\/www.ibbycat.cat\/es\/wp-json\/wp\/v2\/media\/84699"}],"wp:attachment":[{"href":"https:\/\/www.ibbycat.cat\/es\/wp-json\/wp\/v2\/media?parent=84698"}],"wp:term":[{"taxonomy":"category","embeddable":true,"href":"https:\/\/www.ibbycat.cat\/es\/wp-json\/wp\/v2\/categories?post=84698"},{"taxonomy":"post_tag","embeddable":true,"href":"https:\/\/www.ibbycat.cat\/es\/wp-json\/wp\/v2\/tags?post=84698"}],"curies":[{"name":"wp","href":"https:\/\/api.w.org\/{rel}","templated":true}]}}