{"id":86993,"date":"2025-03-19T12:22:35","date_gmt":"2025-03-19T11:22:35","guid":{"rendered":"https:\/\/www.ibbycat.cat\/?p=86993"},"modified":"2025-03-21T13:47:13","modified_gmt":"2025-03-21T12:47:13","slug":"estudi-sobre-els-habits-de-lectura-i-compra-de-llibres-a-catalunya-2024","status":"publish","type":"post","link":"https:\/\/www.ibbycat.cat\/es\/estudi-sobre-els-habits-de-lectura-i-compra-de-llibres-a-catalunya-2024\/","title":{"rendered":"Estudi sobre els h\u00e0bits de lectura i compra de llibres a Catalunya &#8211; 2024"},"content":{"rendered":"<p>La <strong>Generalitat de Catalunya<\/strong>, a trav\u00e9s de l&#8217;<strong>ICEC<\/strong>, ha publicat recentment un <strong>nou estudi<\/strong> per con\u00e8ixer el <strong>comportament lector<\/strong> de la poblaci\u00f3 resident a Catalunya en el <strong>moment actual<\/strong> i obtenir informaci\u00f3 que permeti formular <strong>pol\u00edtiques i plans de lectura<\/strong> i avaluar-los.<\/p>\n<p>Apuntem algunes de les conclusions pel que fa a la <strong>lectura dels infants i joves<\/strong>:<\/p>\n<ul>\n<li>El 90,0% dels menors catalans llegeix llibres per lleure.<\/li>\n<li>Un 71,2% dels menors llegeix freq\u00fcentment.<\/li>\n<li>M\u00e9s de la meitat (54,2%) ho fan habitualment en catal\u00e0.<\/li>\n<li>A partir dels 14 anys es redueix notablement la proporci\u00f3 de lectors freq\u00fcents de llibres en el temps lliure.<\/li>\n<li>Els menors perceben la lectura com una activitat que \u201c\u00e9s una activitat emocionant i estimulant\u201d i \u201ccontribueix a tenir una actitud m\u00e9s oberta i tolerant\u201c.<\/li>\n<\/ul>\n<p>Ja podeu descarregar-vos l&#8217;informe de l&#8217;<strong>estudi complet<\/strong> <a href=\"https:\/\/www.gremieditors.cat\/wp-content\/uploads\/2025\/03\/Habits-de-lectura-y-compra-de-llibre-a-Catalunya-2024.pdf\" target=\"_blank\" rel=\"noopener\">aqu\u00ed<\/a>.<\/p>\n<p>&nbsp;<\/p>\n","protected":false},"excerpt":{"rendered":"<p>La Generalitat de Catalunya, a trav\u00e9s de l&#8217;ICEC, ha publicat recentment un nou estudi per con\u00e8ixer el comportament lector de la poblaci\u00f3 resident a Catalunya en el moment actual i obtenir informaci\u00f3 que permeti formular pol\u00edtiques i plans de lectura i avaluar-los. Apuntem algunes de les conclusions pel que fa a la lectura dels infants [&hellip;]<\/p>\n","protected":false},"author":3,"featured_media":86998,"comment_status":"open","ping_status":"open","sticky":false,"template":"","format":"standard","meta":{"_acf_changed":false,"rs_blank_template":"","rs_page_bg_color":"","slide_template_v7":"","inline_featured_image":false,"_monsterinsights_skip_tracking":false,"footnotes":""},"categories":[1],"tags":[],"class_list":["post-86993","post","type-post","status-publish","format-standard","has-post-thumbnail","hentry","category-uncategorized-ca","post-mon-lij-sector","post-destinatari-comunitat-lij","post-destinatari-dinteres-general"],"acf":{"photo_gallery":{"galeria":[[]]}},"_links":{"self":[{"href":"https:\/\/www.ibbycat.cat\/es\/wp-json\/wp\/v2\/posts\/86993","targetHints":{"allow":["GET"]}}],"collection":[{"href":"https:\/\/www.ibbycat.cat\/es\/wp-json\/wp\/v2\/posts"}],"about":[{"href":"https:\/\/www.ibbycat.cat\/es\/wp-json\/wp\/v2\/types\/post"}],"author":[{"embeddable":true,"href":"https:\/\/www.ibbycat.cat\/es\/wp-json\/wp\/v2\/users\/3"}],"replies":[{"embeddable":true,"href":"https:\/\/www.ibbycat.cat\/es\/wp-json\/wp\/v2\/comments?post=86993"}],"version-history":[{"count":5,"href":"https:\/\/www.ibbycat.cat\/es\/wp-json\/wp\/v2\/posts\/86993\/revisions"}],"predecessor-version":[{"id":87001,"href":"https:\/\/www.ibbycat.cat\/es\/wp-json\/wp\/v2\/posts\/86993\/revisions\/87001"}],"wp:featuredmedia":[{"embeddable":true,"href":"https:\/\/www.ibbycat.cat\/es\/wp-json\/wp\/v2\/media\/86998"}],"wp:attachment":[{"href":"https:\/\/www.ibbycat.cat\/es\/wp-json\/wp\/v2\/media?parent=86993"}],"wp:term":[{"taxonomy":"category","embeddable":true,"href":"https:\/\/www.ibbycat.cat\/es\/wp-json\/wp\/v2\/categories?post=86993"},{"taxonomy":"post_tag","embeddable":true,"href":"https:\/\/www.ibbycat.cat\/es\/wp-json\/wp\/v2\/tags?post=86993"}],"curies":[{"name":"wp","href":"https:\/\/api.w.org\/{rel}","templated":true}]}}