{"id":87040,"date":"2025-03-07T08:36:42","date_gmt":"2025-03-07T07:36:42","guid":{"rendered":"https:\/\/www.ibbycat.cat\/?p=87040"},"modified":"2025-03-24T08:41:06","modified_gmt":"2025-03-24T07:41:06","slug":"87040","status":"publish","type":"post","link":"https:\/\/www.ibbycat.cat\/es\/87040\/","title":{"rendered":"Convocada la 25a edici\u00f3 del Premi Lletra"},"content":{"rendered":"<p data-start=\"148\" data-end=\"418\">La <strong data-start=\"151\" data-end=\"181\">Fundaci\u00f3 Prudenci Bertrana<\/strong> i la <strong data-start=\"187\" data-end=\"228\">Universitat Oberta de Catalunya (UOC)<\/strong> convoquen la 25a edici\u00f3 del <strong data-start=\"257\" data-end=\"273\">Premi Lletra<\/strong>, un guard\u00f3 que impulsa iniciatives innovadores per fomentar la lectura i la literatura en catal\u00e0 a trav\u00e9s d\u2019eines, entorns o mitjans digitals.<\/p>\n<p data-start=\"420\" data-end=\"629\"><strong data-start=\"423\" data-end=\"444\">A qui va dirigit?<\/strong><br data-start=\"444\" data-end=\"447\" \/>Poden participar-hi <strong data-start=\"467\" data-end=\"552\">centres educatius, associacions, biblioteques, col\u00b7lectius i persones individuals<\/strong> amb projectes que promoguin la lectura en catal\u00e0 i la literatura catalana.<\/p>\n<p data-start=\"631\" data-end=\"646\"><strong data-start=\"634\" data-end=\"644\">Premi:<\/strong><\/p>\n<ul data-start=\"647\" data-end=\"762\">\n<li data-start=\"647\" data-end=\"699\"><strong data-start=\"649\" data-end=\"660\">4.000 \u20ac<\/strong> per desenvolupar la millor proposta.<\/li>\n<li data-start=\"700\" data-end=\"762\"><strong data-start=\"702\" data-end=\"735\">Resid\u00e8ncia digital amb la UOC<\/strong> per fer-ne el seguiment.<\/li>\n<\/ul>\n<p data-start=\"764\" data-end=\"861\"><strong data-start=\"767\" data-end=\"782\">Data l\u00edmit:<\/strong> 3 de setembre de 2025<br data-start=\"804\" data-end=\"807\" \/><strong data-start=\"810\" data-end=\"832\">Com participar-hi?<\/strong> Emplena el formulari <a href=\"https:\/\/docs.google.com\/forms\/d\/e\/1FAIpQLSeEI4rZDnLnyONF4UWyYeg9sP_M_nofrrU5lVqb31jI0CEHlw\/viewform\" target=\"_blank\" rel=\"noopener\">aqu\u00ed<\/a>.<\/p>\n<p data-start=\"863\" data-end=\"1085\">El jurat valorar\u00e0 especialment els projectes que siguin <strong data-start=\"919\" data-end=\"1083\">educatius, inclusius, sostenibles i que fomentin la participaci\u00f3 comunit\u00e0ria, els vincles intergeneracionals, la cohesi\u00f3 social i el benestar f\u00edsic i emocional.<\/strong><\/p>\n<p data-start=\"863\" data-end=\"1085\"><a href=\"https:\/\/lletra.uoc.edu\/ca\/\/premi-lletra-2025\/detall\" target=\"_blank\" rel=\"noopener\">Bases<\/a><\/p>\n","protected":false},"excerpt":{"rendered":"<p>La Fundaci\u00f3 Prudenci Bertrana i la Universitat Oberta de Catalunya (UOC) convoquen la 25a edici\u00f3 del Premi Lletra, un guard\u00f3 que impulsa iniciatives innovadores per fomentar la lectura i la literatura en catal\u00e0 a trav\u00e9s d\u2019eines, entorns o mitjans digitals. A qui va dirigit?Poden participar-hi centres educatius, associacions, biblioteques, col\u00b7lectius i persones individuals amb projectes [&hellip;]<\/p>\n","protected":false},"author":3,"featured_media":87041,"comment_status":"open","ping_status":"open","sticky":false,"template":"","format":"standard","meta":{"_acf_changed":false,"inline_featured_image":false,"_monsterinsights_skip_tracking":false,"footnotes":""},"categories":[1],"tags":[],"class_list":["post-87040","post","type-post","status-publish","format-standard","has-post-thumbnail","hentry","category-uncategorized-ca","post-mon-lij-premis-lij","post-destinatari-biblioteques","post-destinatari-centres-educatius","post-destinatari-comunitat-lij","post-destinatari-entitats-culturals","post-destinatari-llibreries"],"acf":{"photo_gallery":{"galeria":[[]]}},"_links":{"self":[{"href":"https:\/\/www.ibbycat.cat\/es\/wp-json\/wp\/v2\/posts\/87040","targetHints":{"allow":["GET"]}}],"collection":[{"href":"https:\/\/www.ibbycat.cat\/es\/wp-json\/wp\/v2\/posts"}],"about":[{"href":"https:\/\/www.ibbycat.cat\/es\/wp-json\/wp\/v2\/types\/post"}],"author":[{"embeddable":true,"href":"https:\/\/www.ibbycat.cat\/es\/wp-json\/wp\/v2\/users\/3"}],"replies":[{"embeddable":true,"href":"https:\/\/www.ibbycat.cat\/es\/wp-json\/wp\/v2\/comments?post=87040"}],"version-history":[{"count":2,"href":"https:\/\/www.ibbycat.cat\/es\/wp-json\/wp\/v2\/posts\/87040\/revisions"}],"predecessor-version":[{"id":87046,"href":"https:\/\/www.ibbycat.cat\/es\/wp-json\/wp\/v2\/posts\/87040\/revisions\/87046"}],"wp:featuredmedia":[{"embeddable":true,"href":"https:\/\/www.ibbycat.cat\/es\/wp-json\/wp\/v2\/media\/87041"}],"wp:attachment":[{"href":"https:\/\/www.ibbycat.cat\/es\/wp-json\/wp\/v2\/media?parent=87040"}],"wp:term":[{"taxonomy":"category","embeddable":true,"href":"https:\/\/www.ibbycat.cat\/es\/wp-json\/wp\/v2\/categories?post=87040"},{"taxonomy":"post_tag","embeddable":true,"href":"https:\/\/www.ibbycat.cat\/es\/wp-json\/wp\/v2\/tags?post=87040"}],"curies":[{"name":"wp","href":"https:\/\/api.w.org\/{rel}","templated":true}]}}