{"id":87524,"date":"2025-03-20T09:05:09","date_gmt":"2025-03-20T08:05:09","guid":{"rendered":"https:\/\/www.ibbycat.cat\/?p=87524"},"modified":"2025-04-11T09:14:18","modified_gmt":"2025-04-11T07:14:18","slug":"comenca-el-periode-de-votacions","status":"publish","type":"post","link":"https:\/\/www.ibbycat.cat\/es\/comenca-el-periode-de-votacions\/","title":{"rendered":"Comen\u00e7a el per\u00edode de votacions!"},"content":{"rendered":"<p class=\"p1\">Estimats representants del\u00a0jurat,<\/p>\n<p class=\"p1\">Despr\u00e9s de les <strong>Trobades de Jurats<\/strong> de <strong>Manresa<\/strong> i <strong>Reus<\/strong>, en qu\u00e8 hem pogut prendre el pols de com van les lectures de cada categoria amb una bona representaci\u00f3 del jurat, arriba, com cada any, el moment de la veritat:\u00a0el <strong>moment de VOTAR<\/strong>!<\/p>\n<p class=\"p1\">Abans d&#8217;explicar-vos com fer-ho, per\u00f2, volem fer-vos <strong>cinc c\u00e8ntims de com han estat aquestes trobades<\/strong> i de com mirarem de fer-vos-en arribar un bocinet a tots aquells que aquest any no hi heu pogut ser presencialment.<\/p>\n<p>Han estat unes <strong>jornades molt enriquidores per a tots<\/strong>. Dies de trobades dels nens i nenes amb els autors, editors, traductors\u2026 de les obres que estan llegint i amb els quals han pogut descobrir tots els <strong>oficis que hi ha darrere del m\u00f3n del llibre<\/strong>.<\/p>\n<p class=\"p1\">De trobades d\u2019escoles d\u2019arreu del territori que formeu\u00a0part d\u2019una mateixa comunitat lectora i que ara compartiu\u00a0uns <strong>referents literaris<\/strong>.<\/p>\n<p class=\"p1\">De trobades que han esdevingut\u00a0un espai perqu\u00e8 els infants i joves s\u2019insereixin dins l\u2019<strong>ecosistema cultural<\/strong> d\u2019una forma l\u00fadica i participativa.<\/p>\n<p class=\"p1\">Cada any ens sorprenen m\u00e9s les seves preguntes: m\u00e9s afinades, m\u00e9s profundes, m\u00e9s curioses. Ha estat fascinant veure com estan adquirint un bon domini del\u00a0<strong>metallenguatge literari<\/strong>. I \u00e9s que tamb\u00e9 estan aprenent a fer de periodistes culturals!<\/p>\n<p class=\"p1\"><span class=\"s1\">Ben aviat, compartirem amb tots vosaltres les <strong>gravacions<\/strong> que hem fet durant aquests dies per <strong>fer arribar a la resta del jurat<\/strong> tot el que els <strong>professionals<\/strong> de les obres finalistes d&#8217;enguany ens han explicat\u00a0<strong>sobre cadascuna de les seves feines<\/strong>!<\/span><\/p>\n<p><strong>LES VOTACIONS<\/strong><\/p>\n<p>Com heu de votar<\/p>\n<p class=\"p1\"><strong>Des d&#8217;avui i fins al 15 de maig<\/strong> podeu votar accedint al vostre espai web.<\/p>\n<p><img loading=\"lazy\" decoding=\"async\" class=\"alignnone wp-image-87525 \" src=\"https:\/\/www.ibbycat.cat\/wp-content\/uploads\/Captura-de-pantalla-2025-04-11-a-les-9.07.23.png\" alt=\"\" width=\"629\" height=\"307\" srcset=\"https:\/\/www.ibbycat.cat\/wp-content\/uploads\/Captura-de-pantalla-2025-04-11-a-les-9.07.23.png 1126w, https:\/\/www.ibbycat.cat\/wp-content\/uploads\/Captura-de-pantalla-2025-04-11-a-les-9.07.23-900x440.png 900w, https:\/\/www.ibbycat.cat\/wp-content\/uploads\/Captura-de-pantalla-2025-04-11-a-les-9.07.23-768x375.png 768w\" sizes=\"auto, (max-width: 629px) 100vw, 629px\" \/><\/p>\n<p class=\"p1\"><strong>1-\u00a0<\/strong>Aneu a la\u00a0<strong>p\u00e0gina dels Premis <\/strong>seguint aquest\u00a0<a href=\"https:\/\/ibbycat.us18.list-manage.com\/track\/click?u=57d5c37e4e968a84867b70545&amp;id=31212d8d40&amp;e=809ea44147\"><span class=\"s1\"><b>enlla\u00e7<\/b><\/span><\/a>.<\/p>\n<p class=\"p1\"><strong>2- Accediu al vostre compte\u00a0<\/strong>amb el vostre correu electr\u00f2nic i la vostra contrasenya.<\/p>\n<p class=\"p1\"><strong>3-\u00a0Voteu!<\/strong><\/p>\n<ul>\n<li class=\"p1\">Podeu <b>modificar el nombre de jurats<\/b>, si cal, per ajustar-lo\u00a0al nombre d&#8217;infants i joves que finalment han participat en els\u00a0Premis.<\/li>\n<li class=\"p1\">Cada membre del jurat pot atorgar <b>3<\/b>, <b>2<\/b> i <b>1 punt <\/b>a cada una de les obres de la categoria, segons la seva prefer\u00e8ncia. Si sou un <b>grup<\/b>, <b>sumeu-los<\/b>! El total de punts entre el nombre de participants sempre ha de donar 6.<\/li>\n<li class=\"p1\">Tingueu en compte que <b>nom\u00e9s es pot votar una vegada<\/b>!<\/li>\n<\/ul>\n<p><strong>I, sobretot, recordeu-los que s\u00f3n cr\u00edtics literaris! Animeu-los a analitzar les obres amb mirada cr\u00edtica i a expressar el seu criteri amb confian\u00e7a!<\/strong><\/p>\n<p class=\"p1\"><i>L&#8217;equip dels Premis<\/i><\/p>\n","protected":false},"excerpt":{"rendered":"<p>Estimats representants del\u00a0jurat, Despr\u00e9s de les Trobades de Jurats de Manresa i Reus, en qu\u00e8 hem pogut prendre el pols de com van les lectures de cada categoria amb una bona representaci\u00f3 del jurat, arriba, com cada any, el moment de la veritat:\u00a0el moment de VOTAR! Abans d&#8217;explicar-vos com fer-ho, per\u00f2, volem fer-vos cinc c\u00e8ntims [&hellip;]<\/p>\n","protected":false},"author":3,"featured_media":87528,"comment_status":"open","ping_status":"open","sticky":false,"template":"","format":"standard","meta":{"_acf_changed":false,"inline_featured_image":false,"_monsterinsights_skip_tracking":false,"footnotes":""},"categories":[1],"tags":[],"class_list":["post-87524","post","type-post","status-publish","format-standard","has-post-thumbnail","hentry","category-uncategorized-ca","post-projecte-atrapallibres-i-protagonista-jove","post-mon-lij-premis-lij","post-destinatari-biblioteques","post-destinatari-centres-educatius","post-destinatari-families","post-destinatari-llibreries"],"acf":{"photo_gallery":{"galeria":[[]]}},"_links":{"self":[{"href":"https:\/\/www.ibbycat.cat\/es\/wp-json\/wp\/v2\/posts\/87524","targetHints":{"allow":["GET"]}}],"collection":[{"href":"https:\/\/www.ibbycat.cat\/es\/wp-json\/wp\/v2\/posts"}],"about":[{"href":"https:\/\/www.ibbycat.cat\/es\/wp-json\/wp\/v2\/types\/post"}],"author":[{"embeddable":true,"href":"https:\/\/www.ibbycat.cat\/es\/wp-json\/wp\/v2\/users\/3"}],"replies":[{"embeddable":true,"href":"https:\/\/www.ibbycat.cat\/es\/wp-json\/wp\/v2\/comments?post=87524"}],"version-history":[{"count":4,"href":"https:\/\/www.ibbycat.cat\/es\/wp-json\/wp\/v2\/posts\/87524\/revisions"}],"predecessor-version":[{"id":87534,"href":"https:\/\/www.ibbycat.cat\/es\/wp-json\/wp\/v2\/posts\/87524\/revisions\/87534"}],"wp:featuredmedia":[{"embeddable":true,"href":"https:\/\/www.ibbycat.cat\/es\/wp-json\/wp\/v2\/media\/87528"}],"wp:attachment":[{"href":"https:\/\/www.ibbycat.cat\/es\/wp-json\/wp\/v2\/media?parent=87524"}],"wp:term":[{"taxonomy":"category","embeddable":true,"href":"https:\/\/www.ibbycat.cat\/es\/wp-json\/wp\/v2\/categories?post=87524"},{"taxonomy":"post_tag","embeddable":true,"href":"https:\/\/www.ibbycat.cat\/es\/wp-json\/wp\/v2\/tags?post=87524"}],"curies":[{"name":"wp","href":"https:\/\/api.w.org\/{rel}","templated":true}]}}