{"id":87560,"date":"2025-04-03T12:34:25","date_gmt":"2025-04-03T10:34:25","guid":{"rendered":"https:\/\/www.ibbycat.cat\/?p=87560"},"modified":"2025-04-14T12:47:49","modified_gmt":"2025-04-14T10:47:49","slug":"libby-espana-oepli-celebra-la-64a-edicio-dels-premis-lazarillo","status":"publish","type":"post","link":"https:\/\/www.ibbycat.cat\/es\/libby-espana-oepli-celebra-la-64a-edicio-dels-premis-lazarillo\/","title":{"rendered":"L&#8217;IBBY Espa\u00f1a\/OEPLI celebra la 64a edici\u00f3 dels Premis Lazarillo"},"content":{"rendered":"<p class=\"p2\">El <strong>Sal\u00f3n del Libro Infantil y Juvenil de Pontevedra<\/strong> ha acollit la cerim\u00f2nia dels <strong>Premios Lazarillo 2024<\/strong>, els guardons m\u00e9s antics i prestigiosos de literatura infantil i juvenil a Espanya, amb la col\u00b7laboraci\u00f3 de McDonald\u2019s i el Ministerio de Cultura.<\/p>\n<p class=\"\" data-start=\"374\" data-end=\"799\">En la categoria de <strong data-start=\"393\" data-end=\"414\">Creaci\u00f3 Liter\u00e0ria<\/strong>, el premi ha estat per a <strong data-start=\"440\" data-end=\"467\">Cristina Alfonso Ib\u00e1\u00f1ez<\/strong> amb <em data-start=\"472\" data-end=\"492\"><strong>Quiero un drag\u00f3n<\/strong><\/em>, una obra divertida i creativa sobre l\u2019adopci\u00f3 responsable d\u2019animals. El jurat d\u2019aquesta categoria ha estat format per <strong data-start=\"612\" data-end=\"625\">Jos\u00e9 D\u00edaz<\/strong> (president d&#8217;IBBY Espa\u00f1a\/OEPLI), <strong data-start=\"650\" data-end=\"667\">Isabel Molina<\/strong>, <strong data-start=\"669\" data-end=\"684\">Ant\u00eda Y\u00e1\u00f1ez<\/strong>, <strong data-start=\"686\" data-end=\"704\">Germ\u00e1n Machado<\/strong> i <strong data-start=\"707\" data-end=\"726\">Maddi Olaziregi<\/strong>, en representaci\u00f3 de les quatre seccions territorials de l\u2019organitzaci\u00f3.<\/p>\n<p class=\"\" data-start=\"801\" data-end=\"1210\">En la modalitat d\u2019<strong data-start=\"819\" data-end=\"839\">\u00c0lbum Il\u00b7lustrat<\/strong>, el guard\u00f3 ha estat per a <strong data-start=\"866\" data-end=\"895\">Jos\u00e9 Luis Maestro Sarri\u00f3n<\/strong> i <strong data-start=\"898\" data-end=\"919\">Nerea P\u00e9rez Gordo<\/strong> per <strong><em data-start=\"924\" data-end=\"942\">Tres eran tres<\/em><\/strong>, un llibre rimat i visualment minimalista que destaca per la seva originalitat. El jurat l\u2019han format <strong data-start=\"1045\" data-end=\"1058\">Jos\u00e9 D\u00edaz<\/strong>, <strong data-start=\"1060\" data-end=\"1085\">Oblit Baseiria<\/strong>, <strong data-start=\"1087\" data-end=\"1107\">I\u00f1aki Martiarena<\/strong>, <strong data-start=\"1109\" data-end=\"1136\">Miguel \u00c1ngel Alonso Diz<\/strong> i <strong data-start=\"1139\" data-end=\"1158\">Teresa Corchete<\/strong>, tamb\u00e9 representant les quatre seccions d\u2019IBBY Espa\u00f1a\/OEPLI.<\/p>\n<p class=\"\" data-start=\"1509\" data-end=\"1583\">Enguany han optat als Premis un <strong>total de 280 obres<\/strong>, distribu\u00efdes en 186 de narrativa, 71 de poesia i 23 de teatre. Pel que fa a la llengua de les obres, 238 han estat escrites en <strong>castell\u00e0<\/strong>, 21 en <strong>catal\u00e0<\/strong>, 18 en <strong>gallec<\/strong> i 3 en <strong>euskera<\/strong>.<\/p>\n<p class=\"\" data-start=\"778\" data-end=\"990\">Els premis, dotats amb 6.000 \u20ac cadascun, es van lliurar en el marc del <strong>Dia Internacional del Llibre Infantil<\/strong>. L\u2019acte va comptar amb m\u00fasica en directe i la participaci\u00f3 de representants institucionals i culturals.<\/p>\n<p class=\"\" data-start=\"992\" data-end=\"1187\"><strong>McDonald\u2019s<\/strong>, mitjan\u00e7ant el seu programa <strong><em data-start=\"1031\" data-end=\"1046\">Happy Readers<\/em><\/strong>, reafirma el seu <strong>comprom\u00eds amb la lectura infantil<\/strong>: des del 2019 ha repartit m\u00e9s de 9 milions de llibres a trav\u00e9s dels seus men\u00fas infantils.<\/p>\n","protected":false},"excerpt":{"rendered":"<p>El Sal\u00f3n del Libro Infantil y Juvenil de Pontevedra ha acollit la cerim\u00f2nia dels Premios Lazarillo 2024, els guardons m\u00e9s antics i prestigiosos de literatura infantil i juvenil a Espanya, amb la col\u00b7laboraci\u00f3 de McDonald\u2019s i el Ministerio de Cultura. En la categoria de Creaci\u00f3 Liter\u00e0ria, el premi ha estat per a Cristina Alfonso Ib\u00e1\u00f1ez [&hellip;]<\/p>\n","protected":false},"author":3,"featured_media":87561,"comment_status":"open","ping_status":"open","sticky":false,"template":"","format":"standard","meta":{"_acf_changed":false,"inline_featured_image":false,"_monsterinsights_skip_tracking":false,"footnotes":""},"categories":[1],"tags":[],"class_list":["post-87560","post","type-post","status-publish","format-standard","has-post-thumbnail","hentry","category-uncategorized-ca","post-projecte-ibby-oepli","post-mon-lij-premis-lij","post-destinatari-comunitat-lij"],"acf":{"photo_gallery":{"galeria":[[]]}},"_links":{"self":[{"href":"https:\/\/www.ibbycat.cat\/es\/wp-json\/wp\/v2\/posts\/87560","targetHints":{"allow":["GET"]}}],"collection":[{"href":"https:\/\/www.ibbycat.cat\/es\/wp-json\/wp\/v2\/posts"}],"about":[{"href":"https:\/\/www.ibbycat.cat\/es\/wp-json\/wp\/v2\/types\/post"}],"author":[{"embeddable":true,"href":"https:\/\/www.ibbycat.cat\/es\/wp-json\/wp\/v2\/users\/3"}],"replies":[{"embeddable":true,"href":"https:\/\/www.ibbycat.cat\/es\/wp-json\/wp\/v2\/comments?post=87560"}],"version-history":[{"count":6,"href":"https:\/\/www.ibbycat.cat\/es\/wp-json\/wp\/v2\/posts\/87560\/revisions"}],"predecessor-version":[{"id":87569,"href":"https:\/\/www.ibbycat.cat\/es\/wp-json\/wp\/v2\/posts\/87560\/revisions\/87569"}],"wp:featuredmedia":[{"embeddable":true,"href":"https:\/\/www.ibbycat.cat\/es\/wp-json\/wp\/v2\/media\/87561"}],"wp:attachment":[{"href":"https:\/\/www.ibbycat.cat\/es\/wp-json\/wp\/v2\/media?parent=87560"}],"wp:term":[{"taxonomy":"category","embeddable":true,"href":"https:\/\/www.ibbycat.cat\/es\/wp-json\/wp\/v2\/categories?post=87560"},{"taxonomy":"post_tag","embeddable":true,"href":"https:\/\/www.ibbycat.cat\/es\/wp-json\/wp\/v2\/tags?post=87560"}],"curies":[{"name":"wp","href":"https:\/\/api.w.org\/{rel}","templated":true}]}}