{"id":88803,"date":"2025-05-19T11:51:07","date_gmt":"2025-05-19T09:51:07","guid":{"rendered":"https:\/\/www.ibbycat.cat\/?p=88803"},"modified":"2025-06-01T12:19:37","modified_gmt":"2025-06-01T10:19:37","slug":"sanuncien-els-nominats-al-xxvi-premi-llibreter-2025","status":"publish","type":"post","link":"https:\/\/www.ibbycat.cat\/es\/sanuncien-els-nominats-al-xxvi-premi-llibreter-2025\/","title":{"rendered":"S&#8217;anuncien els nominats al XXVI Premi Llibreter 2025"},"content":{"rendered":"<ul>\n<li><strong>El Premi Llibreter arriba a la 26a edici\u00f3 per guardonar els millors llibres de l\u2019any segons les llibreries agremiades d\u2019arreu de Catalunya.<\/strong><\/li>\n<li><strong>El Gremi de Llibreters de Catalunya anuncia els 18 nominats al XXVI Premi Llibreter que es lliurar\u00e0 el pr\u00f2xim 17 de juny a la sala Paral\u00b7lel 62 de Barcelona.<\/strong><\/li>\n<li><strong>La voluntat dels premis \u00e9s reivindicar l\u2019ofici llibreter i promoure la literatura de qualitat.<\/strong><\/li>\n<\/ul>\n<p data-start=\"422\" data-end=\"958\">El Premi Llibreter, un dels reconeixements m\u00e9s valorats pel sector del llibre a Catalunya, arriba enguany a la seva 26a edici\u00f3 mantenint el comprom\u00eds de posar el focus en t\u00edtols de gran qualitat que mereixen arribar a m\u00e9s lectors. Entre les seves sis categories, el premi atorga especial protagonisme a les obres per a infants i joves, amb les seccions de <strong data-start=\"812\" data-end=\"854\">Literatura Infantil i Juvenil catalana<\/strong>, <strong data-start=\"856\" data-end=\"880\">d\u2019altres literatures<\/strong> i <strong data-start=\"883\" data-end=\"903\">\u00c0lbum Il\u00b7lustrat<\/strong>, que destaquen per la seva riquesa liter\u00e0ria i visual.<\/p>\n<p data-start=\"419\" data-end=\"938\"><strong data-start=\"944\" data-end=\"1000\">Infantil i Juvenil de Literatura Catalana<\/strong><\/p>\n<ul data-start=\"1132\" data-end=\"1832\">\n<li data-start=\"1132\" data-end=\"1377\">\n<p data-start=\"1134\" data-end=\"1377\"><em><strong data-start=\"1134\" data-end=\"1163\">A, B, C i la Sra. Smith<\/strong><\/em>, de N\u00faria Parera i Kim Amate, editat per Babulinka Books, \u00e9s una hist\u00f2ria entranyable i plena de vitalitat sobre la import\u00e0ncia de sortir de la rutina, on la conviv\u00e8ncia intergeneracional obre la porta a nous descobriments.<\/p>\n<\/li>\n<li data-start=\"1381\" data-end=\"1606\">\n<p data-start=\"1383\" data-end=\"1606\"><strong data-start=\"1383\" data-end=\"1405\"><em>Els germans Corb<\/em><\/strong>, d&#8217;Oriol Canosa i Cristina Bueno, editat per Bindi Books, combina humor i aventures amb refer\u00e8ncies a localitzacions catalanes, en una proposta que sedueix petits i grans amb la seva originalitat i ritme \u00e0gil.<\/p>\n<\/li>\n<li data-start=\"1608\" data-end=\"1832\">\n<p data-start=\"1610\" data-end=\"1832\"><em><strong data-start=\"1610\" data-end=\"1634\">Temps de fronteres<\/strong><\/em>, de Bernat Roman\u00ed, editat per Bamb\u00fa, proposa una lectura que connecta passat i present, transportant tres adolescents actuals a la Guerra Civil espanyola en un viatge que fusiona emoci\u00f3, mem\u00f2ria i comprom\u00eds.<\/p>\n<\/li>\n<\/ul>\n<p><strong>Infantil i Juvenil d\u2019Altres Literatures<\/strong><\/p>\n<ul data-start=\"2059\" data-end=\"2729\">\n<li data-start=\"2059\" data-end=\"2276\">\n<p data-start=\"2061\" data-end=\"2276\"><em><strong data-start=\"2061\" data-end=\"2078\">La calavera<\/strong><\/em>, de Jon Klassen, traducci\u00f3 d\u2019Elena Mart\u00ed, editat per Blackie Books, una reinterpretaci\u00f3 valenta i amb to humor\u00edstic d\u2019una rondalla tirolesa, pensada per a infants petits per\u00f2 amb m\u00faltiples capes de lectura.<\/p>\n<\/li>\n<li data-start=\"2278\" data-end=\"2515\">\n<p data-start=\"2280\" data-end=\"2515\"><strong data-start=\"2280\" data-end=\"2307\"><em>El mur que ens separa<\/em><\/strong>, de Dan Smith, traducci\u00f3 de Marc Donat, editat per Animallibres, situa l\u2019acci\u00f3 al Berl\u00edn de 1961 i reflexiona sobre l\u2019amistat i la llibertat en contextos opressius, una proposta poc habitual en la literatura infantil.<\/p>\n<\/li>\n<li data-start=\"2517\" data-end=\"2729\">\n<p data-start=\"2519\" data-end=\"2729\"><strong data-start=\"2519\" data-end=\"2537\"><em>L\u2019\u00d2scar i jo<\/em><\/strong><em>, de <\/em>Maria Parr, traducci\u00f3 de Meritxell Salvany, editat per N\u00f3rdica Libros, destaca per la seva senzillesa emocional i per una narraci\u00f3 subtil que posa en valor els vincles personals i la quotidianitat.<\/p>\n<\/li>\n<\/ul>\n<p><strong>\u00c0lbum Il\u00b7lustrat<\/strong><\/p>\n<ul data-start=\"2597\" data-end=\"3167\">\n<li data-start=\"2597\" data-end=\"2775\">\n<p data-start=\"2599\" data-end=\"2775\"><em><strong data-start=\"2599\" data-end=\"2615\">L\u2019escapada<\/strong><\/em>, de Rozenn Br\u00e9card, traducci\u00f3 d&#8217;Emili Manzano, editat per Libros del Zorro Rojo, un viatge d\u2019aventura i germanor amb una mirada infantil captivadora i un \u00fas subtil del color.<\/p>\n<\/li>\n<li data-start=\"2777\" data-end=\"2965\">\n<p data-start=\"2779\" data-end=\"2965\"><em><strong data-start=\"2779\" data-end=\"2796\">Dir un bosc<\/strong><\/em>, de Mar Benegas i Laura Borr\u00e0s Dalmau, traducci\u00f3 de M\u00f2nica Caldeiro, editat per Yekibud, una combinaci\u00f3 delicada de poesia i imatge que ens convida a sentir la natura des dels sentits.<\/p>\n<\/li>\n<li data-start=\"2967\" data-end=\"3167\">\n<p data-start=\"2969\" data-end=\"3167\"><em><strong data-start=\"2969\" data-end=\"2990\">El barret m\u00e0gic<\/strong><\/em>, de Mireille Messier i Charlotte Parent, traducci\u00f3 de Marta Breu, editat per Flamboyant, un \u00e0lbum ple de colors vius i valors universals com l\u2019amistat, el respecte i la m\u00e0gia de la imaginaci\u00f3.<\/p>\n<\/li>\n<\/ul>\n<h3 data-start=\"2731\" data-end=\"2777\"><strong data-start=\"2735\" data-end=\"2777\">El valor prescriptor de les llibreries<\/strong><\/h3>\n<p data-start=\"2779\" data-end=\"3171\">El Premi Llibreter, organitzat pel <strong data-start=\"2814\" data-end=\"2850\">Gremi de Llibreters de Catalunya<\/strong>, posa en mans dels llibreters i llibreteres la responsabilitat de recon\u00e8ixer aquelles obres que, per la seva qualitat i significaci\u00f3, mereixen arribar a molts m\u00e9s lectors. Les llibreries agremiades estan votant en aquests moments els t\u00edtols, que es donaran a con\u00e8ixer el pr\u00f2xim <strong data-start=\"3120\" data-end=\"3170\">17 de juny a la Sala Paral\u00b7lel 62 de Barcelona<\/strong>.<\/p>\n<p data-start=\"3173\" data-end=\"3432\">Amb aquestes nominacions, el Premi Llibreter reafirma la seva voluntat de <strong data-start=\"3247\" data-end=\"3348\">promoure la literatura infantil i juvenil com a espai de reflexi\u00f3, creativitat i formaci\u00f3 lectora<\/strong>, i de destacar llibres que obren finestres al m\u00f3n i a un futur lector ric i cr\u00edtic.<\/p>\n<p data-start=\"3173\" data-end=\"3432\">Podeu descobrir <strong>totes les obres nominades<\/strong> <a href=\"https:\/\/gremidellibreters.cat\/wp-content\/uploads\/2025\/05\/PremiLlibreter-2025-DossierdePremsa-3.pdf\" target=\"_blank\" rel=\"noopener\">aqu\u00ed<\/a>.<\/p>\n","protected":false},"excerpt":{"rendered":"<p>El Premi Llibreter arriba a la 26a edici\u00f3 per guardonar els millors llibres de l\u2019any segons les llibreries agremiades d\u2019arreu de Catalunya. El Gremi de Llibreters de Catalunya anuncia els 18 nominats al XXVI Premi Llibreter que es lliurar\u00e0 el pr\u00f2xim 17 de juny a la sala Paral\u00b7lel 62 de Barcelona. La voluntat dels premis [&hellip;]<\/p>\n","protected":false},"author":3,"featured_media":88804,"comment_status":"open","ping_status":"open","sticky":false,"template":"","format":"standard","meta":{"_acf_changed":false,"inline_featured_image":false,"_monsterinsights_skip_tracking":false,"footnotes":""},"categories":[1],"tags":[],"class_list":["post-88803","post","type-post","status-publish","format-standard","has-post-thumbnail","hentry","category-uncategorized-ca","post-mon-lij-premis-lij","post-mon-lij-sector","post-destinatari-dinteres-general"],"acf":{"photo_gallery":{"galeria":[[]]}},"_links":{"self":[{"href":"https:\/\/www.ibbycat.cat\/es\/wp-json\/wp\/v2\/posts\/88803","targetHints":{"allow":["GET"]}}],"collection":[{"href":"https:\/\/www.ibbycat.cat\/es\/wp-json\/wp\/v2\/posts"}],"about":[{"href":"https:\/\/www.ibbycat.cat\/es\/wp-json\/wp\/v2\/types\/post"}],"author":[{"embeddable":true,"href":"https:\/\/www.ibbycat.cat\/es\/wp-json\/wp\/v2\/users\/3"}],"replies":[{"embeddable":true,"href":"https:\/\/www.ibbycat.cat\/es\/wp-json\/wp\/v2\/comments?post=88803"}],"version-history":[{"count":4,"href":"https:\/\/www.ibbycat.cat\/es\/wp-json\/wp\/v2\/posts\/88803\/revisions"}],"predecessor-version":[{"id":88810,"href":"https:\/\/www.ibbycat.cat\/es\/wp-json\/wp\/v2\/posts\/88803\/revisions\/88810"}],"wp:featuredmedia":[{"embeddable":true,"href":"https:\/\/www.ibbycat.cat\/es\/wp-json\/wp\/v2\/media\/88804"}],"wp:attachment":[{"href":"https:\/\/www.ibbycat.cat\/es\/wp-json\/wp\/v2\/media?parent=88803"}],"wp:term":[{"taxonomy":"category","embeddable":true,"href":"https:\/\/www.ibbycat.cat\/es\/wp-json\/wp\/v2\/categories?post=88803"},{"taxonomy":"post_tag","embeddable":true,"href":"https:\/\/www.ibbycat.cat\/es\/wp-json\/wp\/v2\/tags?post=88803"}],"curies":[{"name":"wp","href":"https:\/\/api.w.org\/{rel}","templated":true}]}}