{"id":89011,"date":"2025-06-09T18:56:56","date_gmt":"2025-06-09T16:56:56","guid":{"rendered":"https:\/\/www.ibbycat.cat\/?p=89011"},"modified":"2025-06-09T18:57:50","modified_gmt":"2025-06-09T16:57:50","slug":"retransmissio-en-directe-de-la-gala-11-de-juny-de-1030-a-1145-h","status":"publish","type":"post","link":"https:\/\/www.ibbycat.cat\/es\/retransmissio-en-directe-de-la-gala-11-de-juny-de-1030-a-1145-h\/","title":{"rendered":"Retransmissi\u00f3 en directe de la Gala! 11 de juny, de 10:30 a 11:45 h"},"content":{"rendered":"<p>Aquest <strong>dimecres<\/strong> \u00e9s el gran dia! El dia en qu\u00e8\u00a0descobrirem, per fi, quines s\u00f3n les <strong>obres guanyadores<\/strong> dels <strong>Premis Atrapallibres<\/strong> i <strong>Protagonista Jove <\/strong>d&#8217;enguany.<\/p>\n<p>La <strong>Gala de lliurament dels Premis <\/strong>es retransmetr\u00e0 <strong>en directe<\/strong> des del <strong>Teatre Fortuny<\/strong> de <strong>Reus<\/strong>. Us hi podreu connectar a partir de les 10 h, tot i que l\u2019acte comen\u00e7ar\u00e0 oficialment a les <strong>10:30 h<\/strong> i tindr\u00e0 una durada aproximada d\u2019una hora i quart.<\/p>\n<p>A m\u00e9s de con\u00e8ixer els guanyadors d\u2019aquesta edici\u00f3, la gala marcar\u00e0 l\u2019<strong>inici dels Premis 2026<\/strong>, amb la presentaci\u00f3 de les obres finalistes. Per fer-ho possible, comptarem amb la participaci\u00f3 especial dels <strong>Beta<\/strong> de l\u2019<strong>SX3<\/strong>, que aprofitaran l\u2019ocasi\u00f3 per estrenar en exclusiva la seva nova can\u00e7\u00f3 de l\u2019estiu.<\/p>\n<p>Aix\u00ed doncs, aquest dimecres al mat\u00ed&#8230; prepareu la pantalla gran, tingueu l\u2019esmorzar a punt i <strong>gaudiu de la gala en <em>streaming<\/em><\/strong>!<\/p>\n<p><a href=\"https:\/\/youtube.com\/live\/4oZ4JTFh16M?feature=share\" target=\"_blank\" rel=\"noopener\">Enlla\u00e7 a la gala en directe<\/a><\/p>\n<p>Dimecres, <strong>11 de juny\u00a0<\/strong><br \/>\nDe <strong>10:30<\/strong> a <strong>11:45 h<\/strong><br \/>\nDes del Teatre Fortuny de <strong>Reus<\/strong><br \/>\n<u>La gala quedar\u00e0 enregistrada<\/u><\/p>\n","protected":false},"excerpt":{"rendered":"<p>Aquest dimecres \u00e9s el gran dia! El dia en qu\u00e8\u00a0descobrirem, per fi, quines s\u00f3n les obres guanyadores dels Premis Atrapallibres i Protagonista Jove d&#8217;enguany. La Gala de lliurament dels Premis es retransmetr\u00e0 en directe des del Teatre Fortuny de Reus. Us hi podreu connectar a partir de les 10 h, tot i que l\u2019acte comen\u00e7ar\u00e0 [&hellip;]<\/p>\n","protected":false},"author":3,"featured_media":89012,"comment_status":"open","ping_status":"open","sticky":false,"template":"","format":"standard","meta":{"_acf_changed":false,"inline_featured_image":false,"_monsterinsights_skip_tracking":false,"footnotes":""},"categories":[1],"tags":[],"class_list":["post-89011","post","type-post","status-publish","format-standard","has-post-thumbnail","hentry","category-uncategorized-ca","post-projecte-atrapallibres-i-protagonista-jove","post-mon-lij-premis-lij","post-destinatari-biblioteques","post-destinatari-centres-educatius","post-destinatari-comunitat-lij","post-destinatari-entitats-culturals","post-destinatari-families","post-destinatari-llibreries"],"acf":{"photo_gallery":{"galeria":[[]]}},"_links":{"self":[{"href":"https:\/\/www.ibbycat.cat\/es\/wp-json\/wp\/v2\/posts\/89011","targetHints":{"allow":["GET"]}}],"collection":[{"href":"https:\/\/www.ibbycat.cat\/es\/wp-json\/wp\/v2\/posts"}],"about":[{"href":"https:\/\/www.ibbycat.cat\/es\/wp-json\/wp\/v2\/types\/post"}],"author":[{"embeddable":true,"href":"https:\/\/www.ibbycat.cat\/es\/wp-json\/wp\/v2\/users\/3"}],"replies":[{"embeddable":true,"href":"https:\/\/www.ibbycat.cat\/es\/wp-json\/wp\/v2\/comments?post=89011"}],"version-history":[{"count":2,"href":"https:\/\/www.ibbycat.cat\/es\/wp-json\/wp\/v2\/posts\/89011\/revisions"}],"predecessor-version":[{"id":89016,"href":"https:\/\/www.ibbycat.cat\/es\/wp-json\/wp\/v2\/posts\/89011\/revisions\/89016"}],"wp:featuredmedia":[{"embeddable":true,"href":"https:\/\/www.ibbycat.cat\/es\/wp-json\/wp\/v2\/media\/89012"}],"wp:attachment":[{"href":"https:\/\/www.ibbycat.cat\/es\/wp-json\/wp\/v2\/media?parent=89011"}],"wp:term":[{"taxonomy":"category","embeddable":true,"href":"https:\/\/www.ibbycat.cat\/es\/wp-json\/wp\/v2\/categories?post=89011"},{"taxonomy":"post_tag","embeddable":true,"href":"https:\/\/www.ibbycat.cat\/es\/wp-json\/wp\/v2\/tags?post=89011"}],"curies":[{"name":"wp","href":"https:\/\/api.w.org\/{rel}","templated":true}]}}