{"id":89291,"date":"2025-06-19T15:34:43","date_gmt":"2025-06-19T13:34:43","guid":{"rendered":"https:\/\/www.ibbycat.cat\/?p=89291"},"modified":"2025-06-30T15:50:57","modified_gmt":"2025-06-30T13:50:57","slug":"violeta-lopiz-guardonada-amb-el-premi-nacional-dillustracio-2025","status":"publish","type":"post","link":"https:\/\/www.ibbycat.cat\/es\/violeta-lopiz-guardonada-amb-el-premi-nacional-dillustracio-2025\/","title":{"rendered":"Violeta L\u00f3piz, guardonada amb el Premi Nacional d\u2019Il\u00b7lustraci\u00f3 2025"},"content":{"rendered":"<p data-start=\"73\" data-end=\"356\">L\u2019artista <strong>Violeta L\u00f3piz<\/strong> ha estat distingida amb el <strong>Premi Nacional d\u2019Il\u00b7lustraci\u00f3 2025<\/strong>, un reconeixement atorgat pel Ministerio de Cultura per posar en valor la <strong>traject\u00f2ria d\u2019il\u00b7lustradors<\/strong> en l\u2019\u00e0mbit del llibre i les lletres.<\/p>\n<p data-start=\"358\" data-end=\"803\">El jurat ha valorat <strong>\u201cla seva gran creativitat, l\u2019estil atmosf\u00e8ric i suggeridor, de clara evocaci\u00f3 po\u00e8tica, i la capacitat de convertir cada projecte en una exploraci\u00f3 art\u00edstica i est\u00e8tica visual \u00fanica\u201d<\/strong>. Tamb\u00e9 s\u2019ha destacat com la seva obra \u201cengrandeix el llenguatge de l\u2019\u00e0lbum il\u00b7lustrat mitjan\u00e7ant un \u00fas intel\u00b7ligent dels recursos pl\u00e0stics, narratius i gr\u00e0fics, oferint universos plens de sensibilitat a trav\u00e9s d\u2019estructures clares i delicades\u201d.<\/p>\n<p data-start=\"805\" data-end=\"1125\">El guard\u00f3, dotat amb <strong data-start=\"826\" data-end=\"842\">30.000 euros<\/strong>, reconeix anualment l\u2019aportaci\u00f3 d\u2019un autor en qualsevol de les lleng\u00fces oficials de l\u2019Estat. En l\u2019edici\u00f3 anterior, el premi va recaure en el catal\u00e0 <strong data-start=\"990\" data-end=\"1007\">Pep Monserrat<\/strong>, sumant-se a una llista en qu\u00e8 figuren noms destacats com\u00a0Viv\u00ed Escriv\u00e1, Sonia Pulido, Paco Gim\u00e9nez, Mar\u00eda Rius Camps, Luci Guti\u00e9rrez o Alfredo Gonz\u00e1lez.<\/p>\n<h3 data-start=\"1127\" data-end=\"1175\">Una traject\u00f2ria internacional i polifac\u00e8tica<\/h3>\n<p data-start=\"1177\" data-end=\"1458\">Nascuda a Eivissa l\u2019any 1980, <strong data-start=\"1207\" data-end=\"1224\">Violeta L\u00f3piz<\/strong> s\u2019ha consolidat com una figura destacada en el camp de l\u2019\u00e0lbum il\u00b7lustrat. La seva obra ha estat publicada per editorials d\u2019arreu del m\u00f3n com Kalandraka, Siruela, Topipittori, Edelvives o Oxford University Press, entre moltes altres.<\/p>\n<p data-start=\"1460\" data-end=\"1756\">L\u00f3piz ha rebut diversos reconeixements internacionals com el <strong data-start=\"1521\" data-end=\"1547\">CJ Picture Book Awards<\/strong> a Corea del Sud (2011) i el <strong data-start=\"1576\" data-end=\"1603\">Premi Bienal Ilustrarte<\/strong> a Lisboa (2016) per l\u2019obra <em data-start=\"1631\" data-end=\"1648\">Amigos do Peito<\/em>. A m\u00e9s, ha estat seleccionada fins a cinc vegades a la prestigiosa <strong data-start=\"1716\" data-end=\"1755\">Fira del Llibre Infantil de Bolonya<\/strong>.<\/p>\n<p data-start=\"1758\" data-end=\"2119\">Entre els seus llibres m\u00e9s destacats hi trobem <em data-start=\"1805\" data-end=\"1817\">The Forest<\/em>, <em data-start=\"1819\" data-end=\"1844\">Les Poings sur les \u00celes<\/em>, <em data-start=\"1846\" data-end=\"1875\">I pani d\u2019oro della vecchina<\/em> o <em data-start=\"1878\" data-end=\"1939\">La asombrosa y verdadera historia de un rat\u00f3n llamado P\u00e9rez<\/em>. La seva activitat professional inclou tamb\u00e9 col\u00b7laboracions amb mitjans com <strong data-start=\"2017\" data-end=\"2029\">El Mundo<\/strong>, <strong data-start=\"2031\" data-end=\"2046\">El Expresso<\/strong> i la revista <strong data-start=\"2060\" data-end=\"2070\">Iberia<\/strong>, aix\u00ed com disseny de roba, murals i aplicacions.<\/p>\n<p data-start=\"2121\" data-end=\"2200\">Actualment resideix i treballa a <strong data-start=\"2154\" data-end=\"2164\">Berl\u00edn<\/strong>, on t\u00e9 el seu propi estudi creatiu.<\/p>\n<h3 data-start=\"2202\" data-end=\"2239\">Un jurat representatiu del sector<\/h3>\n<p data-start=\"2241\" data-end=\"2521\">El jurat ha estat presidit per <strong data-start=\"2272\" data-end=\"2293\">Mar\u00eda Jos\u00e9 G\u00e1lvez<\/strong>, directora general del Libro, i integrat per professionals del sector de la il\u00b7lustraci\u00f3 i representants d\u2019entitats culturals de tot l\u2019Estat, incloent-hi associacions professionals, la Real Academia de Bellas Artes i IBBY Espa\u00f1a &#8211; OEPLI.<\/p>\n<p data-start=\"2523\" data-end=\"2687\"><strong>Amb aquest reconeixement, el Ministerio de Cultura reafirma el comprom\u00eds amb la promoci\u00f3 de la il\u00b7lustraci\u00f3 com a eina essencial de transmissi\u00f3 cultural i art\u00edstica.<\/strong><\/p>\n","protected":false},"excerpt":{"rendered":"<p>L\u2019artista Violeta L\u00f3piz ha estat distingida amb el Premi Nacional d\u2019Il\u00b7lustraci\u00f3 2025, un reconeixement atorgat pel Ministerio de Cultura per posar en valor la traject\u00f2ria d\u2019il\u00b7lustradors en l\u2019\u00e0mbit del llibre i les lletres. El jurat ha valorat \u201cla seva gran creativitat, l\u2019estil atmosf\u00e8ric i suggeridor, de clara evocaci\u00f3 po\u00e8tica, i la capacitat de convertir cada [&hellip;]<\/p>\n","protected":false},"author":3,"featured_media":89292,"comment_status":"open","ping_status":"open","sticky":false,"template":"","format":"standard","meta":{"_acf_changed":false,"inline_featured_image":false,"_monsterinsights_skip_tracking":false,"footnotes":""},"categories":[1],"tags":[],"class_list":["post-89291","post","type-post","status-publish","format-standard","has-post-thumbnail","hentry","category-uncategorized-ca","post-mon-lij-premis-lij","post-destinatari-comunitat-lij"],"acf":{"photo_gallery":{"galeria":[[]]}},"_links":{"self":[{"href":"https:\/\/www.ibbycat.cat\/es\/wp-json\/wp\/v2\/posts\/89291","targetHints":{"allow":["GET"]}}],"collection":[{"href":"https:\/\/www.ibbycat.cat\/es\/wp-json\/wp\/v2\/posts"}],"about":[{"href":"https:\/\/www.ibbycat.cat\/es\/wp-json\/wp\/v2\/types\/post"}],"author":[{"embeddable":true,"href":"https:\/\/www.ibbycat.cat\/es\/wp-json\/wp\/v2\/users\/3"}],"replies":[{"embeddable":true,"href":"https:\/\/www.ibbycat.cat\/es\/wp-json\/wp\/v2\/comments?post=89291"}],"version-history":[{"count":4,"href":"https:\/\/www.ibbycat.cat\/es\/wp-json\/wp\/v2\/posts\/89291\/revisions"}],"predecessor-version":[{"id":89298,"href":"https:\/\/www.ibbycat.cat\/es\/wp-json\/wp\/v2\/posts\/89291\/revisions\/89298"}],"wp:featuredmedia":[{"embeddable":true,"href":"https:\/\/www.ibbycat.cat\/es\/wp-json\/wp\/v2\/media\/89292"}],"wp:attachment":[{"href":"https:\/\/www.ibbycat.cat\/es\/wp-json\/wp\/v2\/media?parent=89291"}],"wp:term":[{"taxonomy":"category","embeddable":true,"href":"https:\/\/www.ibbycat.cat\/es\/wp-json\/wp\/v2\/categories?post=89291"},{"taxonomy":"post_tag","embeddable":true,"href":"https:\/\/www.ibbycat.cat\/es\/wp-json\/wp\/v2\/tags?post=89291"}],"curies":[{"name":"wp","href":"https:\/\/api.w.org\/{rel}","templated":true}]}}