{"id":89807,"date":"2025-07-15T18:12:19","date_gmt":"2025-07-15T16:12:19","guid":{"rendered":"https:\/\/www.ibbycat.cat\/?p=89807"},"modified":"2025-07-15T18:22:31","modified_gmt":"2025-07-15T16:22:31","slug":"laelc-impulsa-la-lectura-en-catala-entre-infants-i-joves-amb-un-projecte-social-i-literari-a-diversos-municipis","status":"publish","type":"post","link":"https:\/\/www.ibbycat.cat\/es\/laelc-impulsa-la-lectura-en-catala-entre-infants-i-joves-amb-un-projecte-social-i-literari-a-diversos-municipis\/","title":{"rendered":"L\u2019AELC impulsa la lectura en catal\u00e0 entre infants i joves amb un projecte social i literari a diversos municipis"},"content":{"rendered":"<div class=\"flex max-w-full flex-col grow\">\n<div class=\"min-h-8 text-message relative flex w-full flex-col items-end gap-2 text-start break-words whitespace-normal [.text-message+&amp;]:mt-5\" dir=\"auto\" data-message-author-role=\"assistant\" data-message-id=\"2421a6c9-be99-4038-a8a7-3ad2318f9f27\" data-message-model-slug=\"gpt-4o\">\n<div class=\"flex w-full flex-col gap-1 empty:hidden first:pt-[3px]\">\n<div class=\"markdown prose dark:prose-invert w-full break-words light\">\n<p data-start=\"118\" data-end=\"532\">Durant el <strong>curs 2024-2025<\/strong>, l\u2019Associaci\u00f3 d&#8217;Escriptors en Llengua Catalana (AELC) ha consolidat el seu comprom\u00eds amb el foment de la lectura i la inclusi\u00f3 social a trav\u00e9s d\u2019un <strong>programa adre\u00e7at a infants i adolescents en risc d\u2019exclusi\u00f3<\/strong>. L\u2019activitat s\u2019ha desenvolupat principalment als <strong>Casals dels Infants del Raval<\/strong>, de <strong>Santa Coloma de Gramenet<\/strong> i de <strong>Salt<\/strong>, i tamb\u00e9 ha tingut pres\u00e8ncia al municipi valenci\u00e0 de <strong>Pedreguer<\/strong>.<\/p>\n<p data-start=\"534\" data-end=\"917\">Aquest projecte, que <strong>combina la promoci\u00f3 de la lectura amb la integraci\u00f3 ling\u00fc\u00edstica i social<\/strong>, ofereix tallers en petits grups condu\u00efts per escriptores i escriptors membres de l\u2019AELC. Les sessions tenen lloc en espais dels Casals dels Infants o de l\u2019ONG Ajuda\u2019m, i es basen en la lectura compartida de contes, poesia i fragments d\u2019autors cl\u00e0ssics i contemporanis en llengua catalana.<\/p>\n<p data-start=\"919\" data-end=\"1243\">L\u2019objectiu principal \u00e9s crear un espai segur i estimulant on infants i joves amb acc\u00e9s limitat als llibres puguin llegir i expressar-se en catal\u00e0. A trav\u00e9s de la literatura, tamb\u00e9 s\u2019introdueixen <strong>valors com la toler\u00e0ncia i el respecte<\/strong>, i es treballen temes sensibles com els desnonaments, la viol\u00e8ncia de g\u00e8nere o el racisme.<\/p>\n<p data-start=\"1245\" data-end=\"1955\">Aquest curs, el programa ha comptat amb la participaci\u00f3 de m\u00faltiples grups i autors. Al Raval, sis grups formats per infants i adolescents d\u2019entre sis i divuit anys han estat a c\u00e0rrec de <strong>Gemma Armengol<\/strong>, <strong>Carla Fajardo<\/strong>, <strong>Fina Joseph<\/strong>, <strong>Carla Marco<\/strong>, <strong>Maria Sevilla<\/strong> i <strong>Tina Vall\u00e8s<\/strong>. A Santa Coloma de Gramenet s\u2019han format onze grups amb infants de zero a setze anys, guiats per onze autors, entre els quals hi ha <strong>Pere Antoni Bestard<\/strong>, <strong>David Ca\u00f1o<\/strong> i <strong>Conxita Tarruell<\/strong>. A Salt, cinc grups del mateix tram d\u2019edat han participat en tallers condu\u00efts per <strong>Laia Claver<\/strong>, <strong>Carles Pellicer<\/strong> i altres escriptors. A Pedreguer, les sessions tenen lloc l\u2019\u00faltim dilluns de cada mes i hi participa un autor convidat diferent en cada trobada.<\/p>\n<p data-start=\"1957\" data-end=\"2209\" data-is-last-node=\"\" data-is-only-node=\"\">El projecte compta amb el suport de CEDRO, el Departament de Pol\u00edtica Ling\u00fc\u00edstica de la Generalitat de Catalunya i l\u2019Ajuntament de Barcelona, i esdev\u00e9 <strong>un exemple de com la literatura pot esdevenir una eina transformadora en contextos de vulnerabilitat<\/strong>.<\/p>\n<\/div>\n<\/div>\n<\/div>\n<\/div>\n<div class=\"mx-[var(--mini-thread-content-inset)]\">\n<div class=\"flex min-h-[46px] justify-start\">\n<div class=\"touch:-me-2 touch:-ms-3.5 -ms-2.5 -me-1 flex flex-wrap items-center gap-y-4 p-1 select-none touch:w-[calc(100%+--spacing(3.5))] -mt-1 w-[calc(100%+--spacing(2.5))] duration-[1.5s] focus-within:transition-none hover:transition-none pointer-events-none [mask-image:linear-gradient(to_right,black_33%,transparent_66%)] [mask-size:300%_100%] [mask-position:100%_0%] motion-safe:transition-[mask-position] group-hover\/turn-messages:pointer-events-auto group-hover\/turn-messages:[mask-position:0_0] group-focus-within\/turn-messages:pointer-events-auto group-focus-within\/turn-messages:[mask-position:0_0] has-data-[state=open]:pointer-events-auto has-data-[state=open]:[mask-position:0_0]\">\n<div class=\"flex items-center\"><\/div>\n<\/div>\n<\/div>\n<\/div>\n<div class=\"mt-3 w-full empty:hidden\">\n<div class=\"text-center\">\n<div>\n<div class=\"inline-flex border border-gray-100 dark:border-gray-700 rounded-xl\">\n<div class=\"text-token-text-secondary flex items-center justify-center gap-4 px-4 py-2.5 text-sm whitespace-nowrap\"><\/div>\n<\/div>\n<\/div>\n<\/div>\n<\/div>\n","protected":false},"excerpt":{"rendered":"<p>Durant el curs 2024-2025, l\u2019Associaci\u00f3 d&#8217;Escriptors en Llengua Catalana (AELC) ha consolidat el seu comprom\u00eds amb el foment de la lectura i la inclusi\u00f3 social a trav\u00e9s d\u2019un programa adre\u00e7at a infants i adolescents en risc d\u2019exclusi\u00f3. L\u2019activitat s\u2019ha desenvolupat principalment als Casals dels Infants del Raval, de Santa Coloma de Gramenet i de Salt, [&hellip;]<\/p>\n","protected":false},"author":3,"featured_media":89808,"comment_status":"open","ping_status":"open","sticky":false,"template":"","format":"standard","meta":{"_acf_changed":false,"rs_blank_template":"","rs_page_bg_color":"","slide_template_v7":"","inline_featured_image":false,"_monsterinsights_skip_tracking":false,"footnotes":""},"categories":[1],"tags":[],"class_list":["post-89807","post","type-post","status-publish","format-standard","has-post-thumbnail","hentry","category-uncategorized-ca","post-mon-lij-promocio-lectura","post-destinatari-dinteres-general"],"acf":{"photo_gallery":{"galeria":[[]]}},"_links":{"self":[{"href":"https:\/\/www.ibbycat.cat\/es\/wp-json\/wp\/v2\/posts\/89807","targetHints":{"allow":["GET"]}}],"collection":[{"href":"https:\/\/www.ibbycat.cat\/es\/wp-json\/wp\/v2\/posts"}],"about":[{"href":"https:\/\/www.ibbycat.cat\/es\/wp-json\/wp\/v2\/types\/post"}],"author":[{"embeddable":true,"href":"https:\/\/www.ibbycat.cat\/es\/wp-json\/wp\/v2\/users\/3"}],"replies":[{"embeddable":true,"href":"https:\/\/www.ibbycat.cat\/es\/wp-json\/wp\/v2\/comments?post=89807"}],"version-history":[{"count":3,"href":"https:\/\/www.ibbycat.cat\/es\/wp-json\/wp\/v2\/posts\/89807\/revisions"}],"predecessor-version":[{"id":89813,"href":"https:\/\/www.ibbycat.cat\/es\/wp-json\/wp\/v2\/posts\/89807\/revisions\/89813"}],"wp:featuredmedia":[{"embeddable":true,"href":"https:\/\/www.ibbycat.cat\/es\/wp-json\/wp\/v2\/media\/89808"}],"wp:attachment":[{"href":"https:\/\/www.ibbycat.cat\/es\/wp-json\/wp\/v2\/media?parent=89807"}],"wp:term":[{"taxonomy":"category","embeddable":true,"href":"https:\/\/www.ibbycat.cat\/es\/wp-json\/wp\/v2\/categories?post=89807"},{"taxonomy":"post_tag","embeddable":true,"href":"https:\/\/www.ibbycat.cat\/es\/wp-json\/wp\/v2\/tags?post=89807"}],"curies":[{"name":"wp","href":"https:\/\/api.w.org\/{rel}","templated":true}]}}