{"id":90258,"date":"2025-07-22T17:03:48","date_gmt":"2025-07-22T15:03:48","guid":{"rendered":"https:\/\/www.ibbycat.cat\/?p=90258"},"modified":"2025-07-23T17:20:08","modified_gmt":"2025-07-23T15:20:08","slug":"libbycat-tornara-a-estar-present-a-la-setmana-amb-mes-forca-i-novetats","status":"publish","type":"post","link":"https:\/\/www.ibbycat.cat\/es\/libbycat-tornara-a-estar-present-a-la-setmana-amb-mes-forca-i-novetats\/","title":{"rendered":"L\u2019IBBYcat tornar\u00e0 a estar present a La Setmana, amb m\u00e9s for\u00e7a i novetats"},"content":{"rendered":"<p>Un any m\u00e9s, <strong>l\u2019IBBYcat tornar\u00e0 a estar present a La Setmana<\/strong>,\u00a0el gran festival del llibre en catal\u00e0, que enguany celebra\u00a0la seva <b>43a edici\u00f3<\/b> amb m\u00e9s espais, m\u00e9s activitats i m\u00e9s implicaci\u00f3 del sector que mai.<\/p>\n<p>L\u2019edici\u00f3 d\u2019enguany promet ser m\u00e9s atractiva i potent, amb un <strong>recinte renovat i ampliat<\/strong>, per segon any al <strong>Passeig Llu\u00eds Companys<\/strong> de Barcelona, que oferir\u00e0 <strong>nous espais de lectura<\/strong>, <strong>converses<\/strong>, <strong>activitats familiars<\/strong> i una <strong>gran oferta cultural<\/strong>. Entre les novetats destacades, hi ha la incorporaci\u00f3 de nous espais com el gran espai de converses, l\u2019espai familiar petita lectura i un nou espai de lectura. A tot aix\u00f2 se sumen els <strong>escenaris per a joves i adults<\/strong>, la gran <strong>carpa de l\u2019APPEC<\/strong> i l\u2019<strong>espai expositiu de la Instituci\u00f3 de les Lletres Catalanes<\/strong>, que enguany acollir\u00e0 un dels actes centrals.<\/p>\n<p>L\u2019IBBYcat hi tindr\u00e0 un protagonisme destacat amb un <strong>estand ampliat<\/strong>, ubicat just davant de l\u2019escenari familiar, on presentarem alguns dels nostres <strong>laboratoris de lectura<\/strong>\u00a0m\u00e9s celebrats. Aquestes activitats, pensades per fomentar l\u2019amor pels llibres entre els m\u00e9s petits, convidaran a jugar i llegir en un entorn l\u00fadic i acollidor. La Setmana tamb\u00e9 ser\u00e0 el context per donar el tret de sortida oficial\u00a0dels <strong>Premis Atrapallibres i Protagonista Jove 2026<\/strong>.<\/p>\n<p>Una altra nova col\u00b7laboraci\u00f3 rellevant ser\u00e0 <strong>La carpa de la llengua<\/strong>, un nou espai impulsat pel <strong>Departament de Pol\u00edtica Ling\u00fc\u00edstica<\/strong> de la Generalitat de Catalunya per promoure l\u2019aprenentatge i l\u2019\u00fas del catal\u00e0.<\/p>\n<p><strong>Del 19 al 28 de setembre<\/strong>, La Setmana reunir\u00e0 autors, traductors, il\u00b7lustradors, editors, llibreters i lectors en una cita imprescindible per a tothom que estimi el llibre i la llengua catalana. La programaci\u00f3 completa es donar\u00e0 a con\u00e8ixer el pr\u00f2xim 3 de setembre.<\/p>\n<p>L\u2019IBBYcat, fidel al seu comprom\u00eds amb la promoci\u00f3 de la lectura i la literatura infantil i juvenil en catal\u00e0, convida a tothom a visitar el seu espai i a viure, un any m\u00e9s, la <strong>gran festa tamb\u00e9 de la LIJ!<\/strong><\/p>\n<p>Seguiu tota l&#8217;<strong>actualitat<\/strong> de La Setmana des d&#8217;<a href=\"https:\/\/lasetmana.cat\/\" target=\"_blank\" rel=\"noopener\">aqu\u00ed<\/a>.<\/p>\n","protected":false},"excerpt":{"rendered":"<p>Un any m\u00e9s, l\u2019IBBYcat tornar\u00e0 a estar present a La Setmana,\u00a0el gran festival del llibre en catal\u00e0, que enguany celebra\u00a0la seva 43a edici\u00f3 amb m\u00e9s espais, m\u00e9s activitats i m\u00e9s implicaci\u00f3 del sector que mai. L\u2019edici\u00f3 d\u2019enguany promet ser m\u00e9s atractiva i potent, amb un recinte renovat i ampliat, per segon any al Passeig Llu\u00eds [&hellip;]<\/p>\n","protected":false},"author":3,"featured_media":90259,"comment_status":"open","ping_status":"open","sticky":false,"template":"","format":"standard","meta":{"_acf_changed":false,"rs_blank_template":"","rs_page_bg_color":"","slide_template_v7":"","inline_featured_image":false,"_monsterinsights_skip_tracking":false,"footnotes":""},"categories":[1],"tags":[],"class_list":["post-90258","post","type-post","status-publish","format-standard","has-post-thumbnail","hentry","category-uncategorized-ca","post-projecte-ibbycat","post-mon-lij-fires-i-festivals-lij","post-mon-lij-promocio-lectura","post-mon-lij-sector","post-destinatari-dinteres-general"],"acf":{"photo_gallery":{"galeria":[[]]}},"_links":{"self":[{"href":"https:\/\/www.ibbycat.cat\/es\/wp-json\/wp\/v2\/posts\/90258","targetHints":{"allow":["GET"]}}],"collection":[{"href":"https:\/\/www.ibbycat.cat\/es\/wp-json\/wp\/v2\/posts"}],"about":[{"href":"https:\/\/www.ibbycat.cat\/es\/wp-json\/wp\/v2\/types\/post"}],"author":[{"embeddable":true,"href":"https:\/\/www.ibbycat.cat\/es\/wp-json\/wp\/v2\/users\/3"}],"replies":[{"embeddable":true,"href":"https:\/\/www.ibbycat.cat\/es\/wp-json\/wp\/v2\/comments?post=90258"}],"version-history":[{"count":3,"href":"https:\/\/www.ibbycat.cat\/es\/wp-json\/wp\/v2\/posts\/90258\/revisions"}],"predecessor-version":[{"id":90264,"href":"https:\/\/www.ibbycat.cat\/es\/wp-json\/wp\/v2\/posts\/90258\/revisions\/90264"}],"wp:featuredmedia":[{"embeddable":true,"href":"https:\/\/www.ibbycat.cat\/es\/wp-json\/wp\/v2\/media\/90259"}],"wp:attachment":[{"href":"https:\/\/www.ibbycat.cat\/es\/wp-json\/wp\/v2\/media?parent=90258"}],"wp:term":[{"taxonomy":"category","embeddable":true,"href":"https:\/\/www.ibbycat.cat\/es\/wp-json\/wp\/v2\/categories?post=90258"},{"taxonomy":"post_tag","embeddable":true,"href":"https:\/\/www.ibbycat.cat\/es\/wp-json\/wp\/v2\/tags?post=90258"}],"curies":[{"name":"wp","href":"https:\/\/api.w.org\/{rel}","templated":true}]}}