{"id":91250,"date":"2025-09-05T09:31:52","date_gmt":"2025-09-05T07:31:52","guid":{"rendered":"https:\/\/www.ibbycat.cat\/?p=91250"},"modified":"2025-10-15T07:33:17","modified_gmt":"2025-10-15T05:33:17","slug":"estrena-del-taller-literari-al-3cat","status":"publish","type":"post","link":"https:\/\/www.ibbycat.cat\/es\/estrena-del-taller-literari-al-3cat\/","title":{"rendered":"Estrena d&#8217;El\u00a0Taller Literari\u00a0al 3Cat"},"content":{"rendered":"<p>Ja s&#8217;ha estrenat <strong>El Taller Literari<\/strong>\u00a0al <strong>3Cat<\/strong>, la nova s\u00e8rie d&#8217;educaci\u00f3 liter\u00e0ria del SuperCampus de l&#8217;SX3, guionitzada i condu\u00efda per la secretaria general de l&#8217;IBBYcat.<\/p>\n<p>Amb un total de <strong>20 cap\u00edtols<\/strong>, a\u00a0cada episodi s&#8217;aprofundeix en\u00a0una tem\u00e0tica perqu\u00e8 els infants puguin <strong>endinsar-se en el m\u00f3n dels llibres<\/strong> d&#8217;una manera planera i divertida: les parts d&#8217;un llibre, la veu narrativa,\u00a0com es construeixen els personatges, el paper de les il\u00b7lustracions, l&#8217;exploraci\u00f3 dels g\u00e8neres literaris&#8230;<\/p>\n<p>Adre\u00e7ada a nens i nenes de <strong>Prim\u00e0ria<\/strong> especialment, la s\u00e8rie suposa un pas m\u00e9s de l&#8217;IBBYcat en la seva <strong>contribuci\u00f3 a la formaci\u00f3 liter\u00e0ria<\/strong> dels m\u00e9s petits.<\/p>\n<p>Ja la podeu veure <a href=\"https:\/\/www.3cat.cat\/tv3\/sx3\/taller-literari\/videos\/\" target=\"_blank\" rel=\"noopener\">aqu\u00ed<\/a>!<\/p>\n","protected":false},"excerpt":{"rendered":"<p>Ja s&#8217;ha estrenat El Taller Literari\u00a0al 3Cat, la nova s\u00e8rie d&#8217;educaci\u00f3 liter\u00e0ria del SuperCampus de l&#8217;SX3, guionitzada i condu\u00efda per la secretaria general de l&#8217;IBBYcat. Amb un total de 20 cap\u00edtols, a\u00a0cada episodi s&#8217;aprofundeix en\u00a0una tem\u00e0tica perqu\u00e8 els infants puguin endinsar-se en el m\u00f3n dels llibres d&#8217;una manera planera i divertida: les parts d&#8217;un llibre, [&hellip;]<\/p>\n","protected":false},"author":3,"featured_media":91251,"comment_status":"open","ping_status":"open","sticky":false,"template":"","format":"standard","meta":{"_acf_changed":false,"inline_featured_image":false,"_monsterinsights_skip_tracking":false,"footnotes":""},"categories":[1],"tags":[],"class_list":["post-91250","post","type-post","status-publish","format-standard","has-post-thumbnail","hentry","category-uncategorized-ca","post-projecte-atrapallibres-i-protagonista-jove","post-projecte-ibbycat","post-mon-lij-educacio-literaria","post-destinatari-biblioteques","post-destinatari-centres-educatius","post-destinatari-families"],"acf":{"photo_gallery":{"galeria":[[]]}},"_links":{"self":[{"href":"https:\/\/www.ibbycat.cat\/es\/wp-json\/wp\/v2\/posts\/91250","targetHints":{"allow":["GET"]}}],"collection":[{"href":"https:\/\/www.ibbycat.cat\/es\/wp-json\/wp\/v2\/posts"}],"about":[{"href":"https:\/\/www.ibbycat.cat\/es\/wp-json\/wp\/v2\/types\/post"}],"author":[{"embeddable":true,"href":"https:\/\/www.ibbycat.cat\/es\/wp-json\/wp\/v2\/users\/3"}],"replies":[{"embeddable":true,"href":"https:\/\/www.ibbycat.cat\/es\/wp-json\/wp\/v2\/comments?post=91250"}],"version-history":[{"count":3,"href":"https:\/\/www.ibbycat.cat\/es\/wp-json\/wp\/v2\/posts\/91250\/revisions"}],"predecessor-version":[{"id":91310,"href":"https:\/\/www.ibbycat.cat\/es\/wp-json\/wp\/v2\/posts\/91250\/revisions\/91310"}],"wp:featuredmedia":[{"embeddable":true,"href":"https:\/\/www.ibbycat.cat\/es\/wp-json\/wp\/v2\/media\/91251"}],"wp:attachment":[{"href":"https:\/\/www.ibbycat.cat\/es\/wp-json\/wp\/v2\/media?parent=91250"}],"wp:term":[{"taxonomy":"category","embeddable":true,"href":"https:\/\/www.ibbycat.cat\/es\/wp-json\/wp\/v2\/categories?post=91250"},{"taxonomy":"post_tag","embeddable":true,"href":"https:\/\/www.ibbycat.cat\/es\/wp-json\/wp\/v2\/tags?post=91250"}],"curies":[{"name":"wp","href":"https:\/\/api.w.org\/{rel}","templated":true}]}}