{"id":91362,"date":"2025-09-01T14:32:34","date_gmt":"2025-09-01T12:32:34","guid":{"rendered":"https:\/\/www.ibbycat.cat\/?p=91362"},"modified":"2025-10-15T07:32:51","modified_gmt":"2025-10-15T05:32:51","slug":"sobre-el-periode-de-sollicituds-de-lletres-a-les-aules","status":"publish","type":"post","link":"https:\/\/www.ibbycat.cat\/es\/sobre-el-periode-de-sollicituds-de-lletres-a-les-aules\/","title":{"rendered":"S&#8217;obre el periode de sol\u00b7licituds de Lletres a les aules"},"content":{"rendered":"<p data-start=\"187\" data-end=\"405\">Els centres educatius que vulguin dinamitzar la lectura a l\u2019aula ja poden inscriure\u2019s al programa <strong data-start=\"285\" data-end=\"308\">Lletres a les aules<\/strong>, una iniciativa que ofereix als docents dues modalitats per apropar la literatura a l\u2019alumnat:<\/p>\n<ol data-start=\"407\" data-end=\"832\">\n<li data-start=\"407\" data-end=\"613\">\n<p data-start=\"410\" data-end=\"613\"><strong data-start=\"410\" data-end=\"432\">Autors a les aules<\/strong>: posa en contacte directe els estudiants amb escriptors i escriptores actuals, generant un di\u00e0leg sobre les seves obres, l\u2019ofici d\u2019escriure, el proc\u00e9s creatiu o el m\u00f3n editorial.<\/p>\n<\/li>\n<li data-start=\"614\" data-end=\"832\">\n<p data-start=\"617\" data-end=\"832\"><strong data-start=\"617\" data-end=\"653\">Els nostres cl\u00e0ssics en veu alta<\/strong>: proposa treballar de manera l\u00fadica i participativa els autors patrimonials catalans, amb activitats basades en l\u2019oralitat per fomentar el gust per la lectura i l\u2019h\u00e0bit lector.<\/p>\n<\/li>\n<\/ol>\n<p data-start=\"834\" data-end=\"1047\">Per participar-hi, els centres han de fer una sol\u00b7licitud indicant fins a <strong data-start=\"908\" data-end=\"949\">tres opcions per ordre de prefer\u00e8ncia<\/strong> de qualsevol de les dues modalitats, i complir amb les condicions espec\u00edfiques de participaci\u00f3.<\/p>\n<p data-start=\"1049\" data-end=\"1230\">El programa posa a disposici\u00f3 dels docents un <strong data-start=\"1095\" data-end=\"1128\">cat\u00e0leg d\u2019autors i activitats<\/strong>, aix\u00ed com <strong data-start=\"1139\" data-end=\"1163\">materials pedag\u00f2gics<\/strong> per preparar les sessions de <em data-start=\"1193\" data-end=\"1227\">Els nostres cl\u00e0ssics en veu alta<\/em>.<\/p>\n<p data-start=\"1232\" data-end=\"1418\">Una oportunitat per refor\u00e7ar el vincle dels joves amb la literatura, tant des del di\u00e0leg amb creadors actuals com a trav\u00e9s del llegat dels grans noms de la tradici\u00f3 liter\u00e0ria catalana.<\/p>\n<p data-start=\"1232\" data-end=\"1418\">Tota la informaci\u00f3 per <strong>sol\u00b7licitar l&#8217;ajut<\/strong> <a href=\"https:\/\/cultura.gencat.cat\/ca\/ilc\/que-fem\/programes\/lletres-a-les-aules\/autors-a-les-aules\/\" target=\"_blank\" rel=\"noopener\">aqu\u00ed<\/a>. <strong>Fins al 31 d&#8217;octubre!<\/strong><\/p>\n","protected":false},"excerpt":{"rendered":"<p>Els centres educatius que vulguin dinamitzar la lectura a l\u2019aula ja poden inscriure\u2019s al programa Lletres a les aules, una iniciativa que ofereix als docents dues modalitats per apropar la literatura a l\u2019alumnat: Autors a les aules: posa en contacte directe els estudiants amb escriptors i escriptores actuals, generant un di\u00e0leg sobre les seves obres, [&hellip;]<\/p>\n","protected":false},"author":3,"featured_media":91363,"comment_status":"open","ping_status":"open","sticky":false,"template":"","format":"standard","meta":{"_acf_changed":false,"inline_featured_image":false,"_monsterinsights_skip_tracking":false,"footnotes":""},"categories":[1],"tags":[],"class_list":["post-91362","post","type-post","status-publish","format-standard","has-post-thumbnail","hentry","category-uncategorized-ca","post-projecte-atrapallibres-i-protagonista-jove","post-mon-lij-promocio-lectura","post-mon-lij-subvencions","post-destinatari-centres-educatius"],"acf":{"photo_gallery":{"galeria":[[]]}},"_links":{"self":[{"href":"https:\/\/www.ibbycat.cat\/es\/wp-json\/wp\/v2\/posts\/91362","targetHints":{"allow":["GET"]}}],"collection":[{"href":"https:\/\/www.ibbycat.cat\/es\/wp-json\/wp\/v2\/posts"}],"about":[{"href":"https:\/\/www.ibbycat.cat\/es\/wp-json\/wp\/v2\/types\/post"}],"author":[{"embeddable":true,"href":"https:\/\/www.ibbycat.cat\/es\/wp-json\/wp\/v2\/users\/3"}],"replies":[{"embeddable":true,"href":"https:\/\/www.ibbycat.cat\/es\/wp-json\/wp\/v2\/comments?post=91362"}],"version-history":[{"count":2,"href":"https:\/\/www.ibbycat.cat\/es\/wp-json\/wp\/v2\/posts\/91362\/revisions"}],"predecessor-version":[{"id":91367,"href":"https:\/\/www.ibbycat.cat\/es\/wp-json\/wp\/v2\/posts\/91362\/revisions\/91367"}],"wp:featuredmedia":[{"embeddable":true,"href":"https:\/\/www.ibbycat.cat\/es\/wp-json\/wp\/v2\/media\/91363"}],"wp:attachment":[{"href":"https:\/\/www.ibbycat.cat\/es\/wp-json\/wp\/v2\/media?parent=91362"}],"wp:term":[{"taxonomy":"category","embeddable":true,"href":"https:\/\/www.ibbycat.cat\/es\/wp-json\/wp\/v2\/categories?post=91362"},{"taxonomy":"post_tag","embeddable":true,"href":"https:\/\/www.ibbycat.cat\/es\/wp-json\/wp\/v2\/tags?post=91362"}],"curies":[{"name":"wp","href":"https:\/\/api.w.org\/{rel}","templated":true}]}}