{"id":91750,"date":"2025-09-22T10:01:16","date_gmt":"2025-09-22T08:01:16","guid":{"rendered":"https:\/\/www.ibbycat.cat\/?p=91750"},"modified":"2025-10-01T10:29:02","modified_gmt":"2025-10-01T08:29:02","slug":"la-faula-sincorpora-a-libbycat-com-a-nova-entitat-membre","status":"publish","type":"post","link":"https:\/\/www.ibbycat.cat\/es\/la-faula-sincorpora-a-libbycat-com-a-nova-entitat-membre\/","title":{"rendered":"La Faula s\u2019incorpora a l\u2019IBBYcat com a nova entitat membre"},"content":{"rendered":"<p data-start=\"171\" data-end=\"471\"><strong data-start=\"224\" data-end=\"236\">La Faula<\/strong>, l\u2019Associaci\u00f3 Catalana de Professionals de la Narraci\u00f3 Oral, \u00e9s des d&#8217;aquest mes de setembre <strong>membre de ple dret de l\u2019IBBYcat &#8211; Consell Catal\u00e0 del Llibre Infantil i Juvenil<\/strong>, despr\u00e9s de l&#8217;acceptaci\u00f3 per part de la resta d&#8217;entitats membre en el darrer Plenari celebrat el mes de juliol i de la signatura d\u2019un acord que reconeix la coincid\u00e8ncia d\u2019objectius entre totes dues organitzacions.<\/p>\n<p data-start=\"171\" data-end=\"471\">L&#8217;associaci\u00f3 de narradors se suma, aix\u00ed, a la llista de les altres <strong>13 entitats que ja formen part de l&#8217;entitat<\/strong>, a m\u00e9s de l\u2019Administraci\u00f3 a trav\u00e9s dels <strong>departaments de Cultura-ICEC i Educaci\u00f3<\/strong>. Les altres entitats membre actuals de l&#8217;IBBYcat s\u00f3n:<\/p>\n<p><strong>Creaci\u00f3:<\/strong><br \/>\nAssociaci\u00f3 Professional d&#8217;Il\u00b7lustradors de Catalunya<br \/>\nAssociaci\u00f3 d&#8217;Escriptors en Llengua Catalana<br \/>\nAssociaci\u00f3 Col\u00b7legial d\u2019Escriptors de Catalunya<\/p>\n<p><strong>Ind\u00fastria (edici\u00f3, venda i distribuci\u00f3):<\/strong><br \/>\nAssociaci\u00f3 d\u2019Editors en Llengua Catalana<br \/>\nGremi d&#8217;Editors de Catalunya<br \/>\nCambra del Llibre de Catalunya<br \/>\nGremi de Llibreters de Catalunya<\/p>\n<p><strong>Prescripci\u00f3, mediaci\u00f3 i dinamitzaci\u00f3:<\/strong><br \/>\nCol\u00b7legi Oficial de Bibliotecaris Documentalistes de Catalunya<br \/>\nServei de Documentaci\u00f3 de Literatura Infantil i Juvenil &#8211; Biblioteques de Barcelona Fundaci\u00f3 Bromera per al Foment de la Lectura<br \/>\nFundaci\u00f3 FULL<\/p>\n<p><strong>Promoci\u00f3 nacional i internacional:<\/strong><br \/>\nInstituci\u00f3 de les Lletres Catalanes<br \/>\nInstitut Ramon Llull<\/p>\n<p data-start=\"473\" data-end=\"855\">L\u2019<strong>IBBYcat<\/strong>, federaci\u00f3 sense \u00e0nim de lucre que agrupa entitats vinculades al llibre i la lectura per a infants i joves, t\u00e9 per finalitat <strong>coordinar esfor\u00e7os, impulsar projectes i iniciatives de promoci\u00f3 del llibre infantil i juvenil<\/strong>, fomentar la reflexi\u00f3 sobre aquest \u00e0mbit, i representar els Pa\u00efsos Catalans dins l\u2019International Board on Books for Young People (IBBY) a trav\u00e9s de l&#8217;IBBY Espa\u00f1a &#8211; OEPLI.<\/p>\n<p data-start=\"857\" data-end=\"1245\">Per la seva banda, <strong>La Faula<\/strong> treballa pel reconeixement i la defensa dels <strong>drets laborals i socials dels professionals<\/strong> de la narraci\u00f3 oral a Catalunya, amb una atenci\u00f3 especial al sector de la literatura infantil i juvenil. L\u2019associaci\u00f3 tamb\u00e9 t\u00e9 com a objectiu <strong>dignificar la professi\u00f3, el llibre i la lectura entre infants i joves<\/strong>, en plena sintonia amb les l\u00ednies de treball de l&#8217;IBBYcat.<\/p>\n<p data-start=\"1247\" data-end=\"1525\">Aquesta incorporaci\u00f3 refor\u00e7a la voluntat compartida de <strong>dinamitzar l\u2019entorn cultural i literari<\/strong> i obre noves vies de cooperaci\u00f3 en favor del llibre infantil i juvenil, aix\u00ed com de la <strong>narraci\u00f3 oral com a eina essencial per fomentar la lectura<\/strong> entre infants i joves.<\/p>\n","protected":false},"excerpt":{"rendered":"<p>La Faula, l\u2019Associaci\u00f3 Catalana de Professionals de la Narraci\u00f3 Oral, \u00e9s des d&#8217;aquest mes de setembre membre de ple dret de l\u2019IBBYcat &#8211; Consell Catal\u00e0 del Llibre Infantil i Juvenil, despr\u00e9s de l&#8217;acceptaci\u00f3 per part de la resta d&#8217;entitats membre en el darrer Plenari celebrat el mes de juliol i de la signatura d\u2019un acord [&hellip;]<\/p>\n","protected":false},"author":3,"featured_media":91751,"comment_status":"open","ping_status":"open","sticky":false,"template":"","format":"standard","meta":{"_acf_changed":false,"rs_blank_template":"","rs_page_bg_color":"","slide_template_v7":"","inline_featured_image":false,"_monsterinsights_skip_tracking":false,"footnotes":""},"categories":[1],"tags":[],"class_list":["post-91750","post","type-post","status-publish","format-standard","has-post-thumbnail","hentry","category-uncategorized-ca","post-projecte-ibbycat","post-mon-lij-generes-lij","post-destinatari-sector"],"acf":{"photo_gallery":{"galeria":[[]]}},"_links":{"self":[{"href":"https:\/\/www.ibbycat.cat\/es\/wp-json\/wp\/v2\/posts\/91750","targetHints":{"allow":["GET"]}}],"collection":[{"href":"https:\/\/www.ibbycat.cat\/es\/wp-json\/wp\/v2\/posts"}],"about":[{"href":"https:\/\/www.ibbycat.cat\/es\/wp-json\/wp\/v2\/types\/post"}],"author":[{"embeddable":true,"href":"https:\/\/www.ibbycat.cat\/es\/wp-json\/wp\/v2\/users\/3"}],"replies":[{"embeddable":true,"href":"https:\/\/www.ibbycat.cat\/es\/wp-json\/wp\/v2\/comments?post=91750"}],"version-history":[{"count":1,"href":"https:\/\/www.ibbycat.cat\/es\/wp-json\/wp\/v2\/posts\/91750\/revisions"}],"predecessor-version":[{"id":91754,"href":"https:\/\/www.ibbycat.cat\/es\/wp-json\/wp\/v2\/posts\/91750\/revisions\/91754"}],"wp:featuredmedia":[{"embeddable":true,"href":"https:\/\/www.ibbycat.cat\/es\/wp-json\/wp\/v2\/media\/91751"}],"wp:attachment":[{"href":"https:\/\/www.ibbycat.cat\/es\/wp-json\/wp\/v2\/media?parent=91750"}],"wp:term":[{"taxonomy":"category","embeddable":true,"href":"https:\/\/www.ibbycat.cat\/es\/wp-json\/wp\/v2\/categories?post=91750"},{"taxonomy":"post_tag","embeddable":true,"href":"https:\/\/www.ibbycat.cat\/es\/wp-json\/wp\/v2\/tags?post=91750"}],"curies":[{"name":"wp","href":"https:\/\/api.w.org\/{rel}","templated":true}]}}