{"id":93003,"date":"2025-11-04T09:42:32","date_gmt":"2025-11-04T08:42:32","guid":{"rendered":"https:\/\/www.ibbycat.cat\/?p=93003"},"modified":"2025-11-06T09:53:11","modified_gmt":"2025-11-06T08:53:11","slug":"nou-document-per-coneixer-lunivers-ibby","status":"publish","type":"post","link":"https:\/\/www.ibbycat.cat\/es\/nou-document-per-coneixer-lunivers-ibby\/","title":{"rendered":"Nou document per con\u00e8ixer l\u2019univers IBBY"},"content":{"rendered":"<p><strong>A l&#8217;IBBY estem d&#8217;enhorabona!<\/strong>\u00a0Gr\u00e0cies a la secret\u00e0ria general de l\u2019IBBY Internacional, <strong data-start=\"176\" data-end=\"198\">Carolina Ballester<\/strong>, i a la responsable de comunicaci\u00f3, <strong data-start=\"235\" data-end=\"258\">Alessandra Leopardi<\/strong>, l\u2019IBBY per fi disposa d\u2019un <strong>document clar i efectiu<\/strong> que respon a totes les preguntes i <strong>ajuda a entendre millor la complexa activitat de l\u2019entitat<\/strong>. Amb aquesta iniciativa, l\u2019IBBY Internacional fa un pas endavant en la manera d\u2019<strong>explicar-se al m\u00f3n<\/strong>. El nou document ofereix una visi\u00f3 global i alhora propera de la seva tasca: presenta la missi\u00f3, descriu els principals programes i premis internacionals \u2014com el <strong data-start=\"671\" data-end=\"704\">Premi Hans Christian Andersen<\/strong>, la <strong data-start=\"709\" data-end=\"729\">IBBY Honour List<\/strong> o els fons <strong data-start=\"741\" data-end=\"756\">IBBY-Yamada<\/strong> i <strong data-start=\"759\" data-end=\"781\">Children in Crisis<\/strong>\u2014, i recull tamb\u00e9 els projectes, congressos i seleccions que impulsa arreu del m\u00f3n per garantir que tots els infants tinguin acc\u00e9s a una lectura de qualitat.<\/p>\n<p><strong>Desc\u00e0rrega<\/strong> del document <a href=\"https:\/\/www.ibbycat.cat\/wp-content\/uploads\/CANVA-IBBY-Master-Presentation_LR.pdf\" target=\"_blank\" rel=\"noopener\">aqu\u00ed<\/a>.<\/p>\n","protected":false},"excerpt":{"rendered":"<p>A l&#8217;IBBY estem d&#8217;enhorabona!\u00a0Gr\u00e0cies a la secret\u00e0ria general de l\u2019IBBY Internacional, Carolina Ballester, i a la responsable de comunicaci\u00f3, Alessandra Leopardi, l\u2019IBBY per fi disposa d\u2019un document clar i efectiu que respon a totes les preguntes i ajuda a entendre millor la complexa activitat de l\u2019entitat. Amb aquesta iniciativa, l\u2019IBBY Internacional fa un pas endavant [&hellip;]<\/p>\n","protected":false},"author":3,"featured_media":93004,"comment_status":"open","ping_status":"open","sticky":false,"template":"","format":"standard","meta":{"_acf_changed":false,"inline_featured_image":false,"_monsterinsights_skip_tracking":false,"footnotes":""},"categories":[1],"tags":[],"class_list":["post-93003","post","type-post","status-publish","format-standard","has-post-thumbnail","hentry","category-uncategorized-ca","post-projecte-ibby-oepli","post-destinatari-dinteres-general"],"acf":{"photo_gallery":{"galeria":[[]]}},"_links":{"self":[{"href":"https:\/\/www.ibbycat.cat\/es\/wp-json\/wp\/v2\/posts\/93003","targetHints":{"allow":["GET"]}}],"collection":[{"href":"https:\/\/www.ibbycat.cat\/es\/wp-json\/wp\/v2\/posts"}],"about":[{"href":"https:\/\/www.ibbycat.cat\/es\/wp-json\/wp\/v2\/types\/post"}],"author":[{"embeddable":true,"href":"https:\/\/www.ibbycat.cat\/es\/wp-json\/wp\/v2\/users\/3"}],"replies":[{"embeddable":true,"href":"https:\/\/www.ibbycat.cat\/es\/wp-json\/wp\/v2\/comments?post=93003"}],"version-history":[{"count":4,"href":"https:\/\/www.ibbycat.cat\/es\/wp-json\/wp\/v2\/posts\/93003\/revisions"}],"predecessor-version":[{"id":93014,"href":"https:\/\/www.ibbycat.cat\/es\/wp-json\/wp\/v2\/posts\/93003\/revisions\/93014"}],"wp:featuredmedia":[{"embeddable":true,"href":"https:\/\/www.ibbycat.cat\/es\/wp-json\/wp\/v2\/media\/93004"}],"wp:attachment":[{"href":"https:\/\/www.ibbycat.cat\/es\/wp-json\/wp\/v2\/media?parent=93003"}],"wp:term":[{"taxonomy":"category","embeddable":true,"href":"https:\/\/www.ibbycat.cat\/es\/wp-json\/wp\/v2\/categories?post=93003"},{"taxonomy":"post_tag","embeddable":true,"href":"https:\/\/www.ibbycat.cat\/es\/wp-json\/wp\/v2\/tags?post=93003"}],"curies":[{"name":"wp","href":"https:\/\/api.w.org\/{rel}","templated":true}]}}