{"id":9372,"date":"2022-07-28T14:35:32","date_gmt":"2022-07-28T12:35:32","guid":{"rendered":"https:\/\/www.ibbycat.cat\/?p=9372"},"modified":"2022-07-28T16:23:18","modified_gmt":"2022-07-28T14:23:18","slug":"9372","status":"publish","type":"post","link":"https:\/\/www.ibbycat.cat\/es\/9372\/","title":{"rendered":"L&#8217;IBBYcat participa com a agent actiu del Pla nacional del llibre i la lectura de Catalunya"},"content":{"rendered":"<p>El passat 14 de juliol es va donar\u00a0el <strong>tret de sortida al Pla nacional del llibre i la lectura de Catalunya<\/strong>, que t\u00e9 com a objectiu general el <strong>foment de l\u2019h\u00e0bit lector<\/strong> i l\u2019increment dels \u00edndexs de lectura, especialment en <strong>catal\u00e0<\/strong>, en el qual treballen conjuntament el Departament de Cultura i el Departament d\u2019Educaci\u00f3, liderats per la Instituci\u00f3 de les Lletres Catalanes.<\/p>\n<p class=\"text-align-justify\">Aquesta fita es complementa amb <strong>tres prop\u00f2sits espec\u00edfics<\/strong> que s\u2019han d\u2019assolir a trav\u00e9s del pla de treball i que s\u00f3n <strong>generar un marc de reflexi\u00f3 entorn del llibre i la lectura<\/strong> que permeti definir prioritats, <strong>aportar dades i coneixement<\/strong> a partir d\u2019un diagn\u00f2stic participatiu i en concertaci\u00f3 amb els diferents agents del m\u00f3n del llibre i <strong>establir un full de ruta<\/strong> consensuat de necessitats i de propostes de millora, a curt i a mitj\u00e0 termini (2025-2030), que esdevingui la base per orientar la <strong>presa de decisions de les pol\u00edtiques p\u00fabliques<\/strong> que s\u2019han de desenvolupar.<\/p>\n<p>L&#8217;<strong>IBBYcat &#8211; Consell Catal\u00e0 del Llibre Infantil i Juvenil participar\u00e0 en dos dels dotze grups de treball<\/strong> que desenvoluparan els diferents \u00e0mbits tem\u00e0tics del Pla, que\u00a0han de permetre abordar les diferents dimensions del llibre i la lectura i garantir el debat i la participaci\u00f3 dels diversos agents p\u00fablics i privats i experts que tenen relaci\u00f3 amb el llibre i la lectura.<\/p>\n<p>Ens fa molta il\u00b7lusi\u00f3 <strong>ser part activa del desenvolupament d&#8217;aquest Pla<\/strong> i farem la millor feina possible per treballar, com sempre, <strong>en favor de la LIJ catalana<\/strong>, com a <strong>baula clau<\/strong> per formar joves lectors cr\u00edtics i reflexius, i defensar la lectura com a forma insubstitu\u00efble d\u2019acc\u00e9s al coneixement, de creixement personal i de cohesi\u00f3 social, elements indispensables per avan\u00e7ar cap a una societat democr\u00e0ticament m\u00e9s madura i socialment m\u00e9s justa.<\/p>\n<p>L&#8217;elaboraci\u00f3 del Pla contempla que l\u2019<strong>abril de 2023<\/strong> es pugui presentar un <strong>document<\/strong> que inclogui el <strong>diagn\u00f2stic de cadascun dels \u00e0mbits de treball plantejats i les propostes d\u2019acci\u00f3<\/strong> consensuades per tal d\u2019assolir els objectius establerts, amb indicaci\u00f3 d\u2019un agent responsable per a cadascuna de les accions, un calendari d\u2019execuci\u00f3, un pressupost i uns indicadors de seguiment i avaluaci\u00f3.<\/p>\n<p>\u201cLlegir \u00e9s escollir perspectives des de les quals situar la nostra mirada invitant a reflexionar, a pensar i a crear.\u201d<\/p>\n<p>(Llei 10\/2007, de 22 de juny, de la lectura, del llibre i de les biblioteques)<\/p>\n<p class=\"p1\">Podeu trobar m\u00e9s informaci\u00f3 sobre Pla <a href=\"https:\/\/cultura.gencat.cat\/ca\/departament\/plans-i-programes\/ambit-sectorial\/pla-nacional-del-llibre-i-la-lectura-de-catalunya\/\">al web<\/a>\u00a0del Departament de Cultura.<\/p>\n","protected":false},"excerpt":{"rendered":"<p>El passat 14 de juliol es va donar\u00a0el tret de sortida al Pla nacional del llibre i la lectura de Catalunya, que t\u00e9 com a objectiu general el foment de l\u2019h\u00e0bit lector i l\u2019increment dels \u00edndexs de lectura, especialment en catal\u00e0, en el qual treballen conjuntament el Departament de Cultura i el Departament d\u2019Educaci\u00f3, liderats [&hellip;]<\/p>\n","protected":false},"author":3,"featured_media":9373,"comment_status":"open","ping_status":"open","sticky":false,"template":"","format":"standard","meta":{"_acf_changed":false,"inline_featured_image":false,"_monsterinsights_skip_tracking":false,"footnotes":""},"categories":[1],"tags":[],"class_list":["post-9372","post","type-post","status-publish","format-standard","has-post-thumbnail","hentry","category-uncategorized-ca","post-mon-lij-sector","post-destinatari-dinteres-general"],"acf":{"photo_gallery":{"galeria":[[]]}},"_links":{"self":[{"href":"https:\/\/www.ibbycat.cat\/es\/wp-json\/wp\/v2\/posts\/9372","targetHints":{"allow":["GET"]}}],"collection":[{"href":"https:\/\/www.ibbycat.cat\/es\/wp-json\/wp\/v2\/posts"}],"about":[{"href":"https:\/\/www.ibbycat.cat\/es\/wp-json\/wp\/v2\/types\/post"}],"author":[{"embeddable":true,"href":"https:\/\/www.ibbycat.cat\/es\/wp-json\/wp\/v2\/users\/3"}],"replies":[{"embeddable":true,"href":"https:\/\/www.ibbycat.cat\/es\/wp-json\/wp\/v2\/comments?post=9372"}],"version-history":[{"count":5,"href":"https:\/\/www.ibbycat.cat\/es\/wp-json\/wp\/v2\/posts\/9372\/revisions"}],"predecessor-version":[{"id":9379,"href":"https:\/\/www.ibbycat.cat\/es\/wp-json\/wp\/v2\/posts\/9372\/revisions\/9379"}],"wp:featuredmedia":[{"embeddable":true,"href":"https:\/\/www.ibbycat.cat\/es\/wp-json\/wp\/v2\/media\/9373"}],"wp:attachment":[{"href":"https:\/\/www.ibbycat.cat\/es\/wp-json\/wp\/v2\/media?parent=9372"}],"wp:term":[{"taxonomy":"category","embeddable":true,"href":"https:\/\/www.ibbycat.cat\/es\/wp-json\/wp\/v2\/categories?post=9372"},{"taxonomy":"post_tag","embeddable":true,"href":"https:\/\/www.ibbycat.cat\/es\/wp-json\/wp\/v2\/tags?post=9372"}],"curies":[{"name":"wp","href":"https:\/\/api.w.org\/{rel}","templated":true}]}}