{"id":9629,"date":"2022-09-15T18:21:52","date_gmt":"2022-09-15T16:21:52","guid":{"rendered":"https:\/\/www.ibbycat.cat\/?p=9629"},"modified":"2022-09-20T10:01:26","modified_gmt":"2022-09-20T08:01:26","slug":"tassies-autor-convidat-a-linternationales-literaturfestival-berlin-2022","status":"publish","type":"post","link":"https:\/\/www.ibbycat.cat\/es\/tassies-autor-convidat-a-linternationales-literaturfestival-berlin-2022\/","title":{"rendered":"T\u00e0ssies, autor convidat a l\u2019Internationales Literaturfestival Berlin 2022"},"content":{"rendered":"<p>L&#8217;il\u00b7lustrador catal\u00e0 T\u00e0ssies \u00e9s un dels autors convidats a l&#8217;Internationales Literaturfestival Berlin 2022 (ilb), un dels esdeveniments literaris m\u00e9s importants del m\u00f3n que se celebra del 7 al 17 de setembre a Berl\u00edn.<\/p>\n<p>T\u00e0ssies hi va participar ahir 14 de setembre amb dues activitats en el marc de l&#8217;especial \u00abSpotlight Spain\u00bb amb Espanya com a pa\u00eds convidat a la Fira del Llibre de Frankfurt 2022: una xerrada i un taller creatiu a partir del seu llibre <em>Noms robats<\/em>, recentment editat en alemany per Ute L\u00f6wenberg.<\/p>\n<p><em>Noms robats<\/em><em>\u00a0<\/em>narra la hist\u00f2ria d&#8217;un noi que viu la vida com a foraster a l&#8217;escola finalment troba un amic. Per\u00f2 la seva felicitat \u00e9s de curta durada. Aviat s&#8217;emporten el seu amic i amb ell, la seva alegria de viure. El que comen\u00e7a com una llista de coses bones porta a una hist\u00f2ria sobre les circumst\u00e0ncies privades d&#8217;un nen a qui fins i tot se li roba el nom. Amb il\u00b7lustracions acolorides i composicions sofisticades, l&#8217;\u00e0lbum \u00e9s un retrat implacable de les conseq\u00fc\u00e8ncies de l&#8217;assetjament escolar.<\/p>\n<p>L&#8217;enhorabona a T\u00e0ssies i tot un honor tenir representaci\u00f3 catalana a un festival internacional d&#8217;aquesta magnitud!<\/p>\n<p>Sens dubte, una gran not\u00edcia per a la LIJ catalana.<\/p>\n<p>Podeu trobar m\u00e9s informaci\u00f3 sobre el festival <a href=\"https:\/\/literaturfestival.com\/en\/\" target=\"_blank\" rel=\"noopener\">aqu\u00ed<\/a>.<\/p>\n","protected":false},"excerpt":{"rendered":"<p>L&#8217;il\u00b7lustrador catal\u00e0 T\u00e0ssies \u00e9s un dels autors convidats a l&#8217;Internationales Literaturfestival Berlin 2022 (ilb), un dels esdeveniments literaris m\u00e9s importants del m\u00f3n que se celebra del 7 al 17 de setembre a Berl\u00edn. T\u00e0ssies hi va participar ahir 14 de setembre amb dues activitats en el marc de l&#8217;especial \u00abSpotlight Spain\u00bb amb Espanya com a [&hellip;]<\/p>\n","protected":false},"author":3,"featured_media":9630,"comment_status":"open","ping_status":"open","sticky":false,"template":"","format":"standard","meta":{"_acf_changed":false,"rs_blank_template":"","rs_page_bg_color":"","slide_template_v7":"","inline_featured_image":false,"_monsterinsights_skip_tracking":false,"footnotes":""},"categories":[1],"tags":[],"class_list":["post-9629","post","type-post","status-publish","format-standard","has-post-thumbnail","hentry","category-uncategorized-ca","post-mon-lij-autors-lij","post-mon-lij-fires-i-festivals-lij","post-destinatari-creadors-lij"],"acf":{"photo_gallery":{"galeria":[[]]}},"_links":{"self":[{"href":"https:\/\/www.ibbycat.cat\/es\/wp-json\/wp\/v2\/posts\/9629","targetHints":{"allow":["GET"]}}],"collection":[{"href":"https:\/\/www.ibbycat.cat\/es\/wp-json\/wp\/v2\/posts"}],"about":[{"href":"https:\/\/www.ibbycat.cat\/es\/wp-json\/wp\/v2\/types\/post"}],"author":[{"embeddable":true,"href":"https:\/\/www.ibbycat.cat\/es\/wp-json\/wp\/v2\/users\/3"}],"replies":[{"embeddable":true,"href":"https:\/\/www.ibbycat.cat\/es\/wp-json\/wp\/v2\/comments?post=9629"}],"version-history":[{"count":5,"href":"https:\/\/www.ibbycat.cat\/es\/wp-json\/wp\/v2\/posts\/9629\/revisions"}],"predecessor-version":[{"id":9645,"href":"https:\/\/www.ibbycat.cat\/es\/wp-json\/wp\/v2\/posts\/9629\/revisions\/9645"}],"wp:featuredmedia":[{"embeddable":true,"href":"https:\/\/www.ibbycat.cat\/es\/wp-json\/wp\/v2\/media\/9630"}],"wp:attachment":[{"href":"https:\/\/www.ibbycat.cat\/es\/wp-json\/wp\/v2\/media?parent=9629"}],"wp:term":[{"taxonomy":"category","embeddable":true,"href":"https:\/\/www.ibbycat.cat\/es\/wp-json\/wp\/v2\/categories?post=9629"},{"taxonomy":"post_tag","embeddable":true,"href":"https:\/\/www.ibbycat.cat\/es\/wp-json\/wp\/v2\/tags?post=9629"}],"curies":[{"name":"wp","href":"https:\/\/api.w.org\/{rel}","templated":true}]}}