{"id":9764,"date":"2022-09-20T11:00:02","date_gmt":"2022-09-20T09:00:02","guid":{"rendered":"https:\/\/www.ibbycat.cat\/?p=9764"},"modified":"2022-09-22T11:04:41","modified_gmt":"2022-09-22T09:04:41","slug":"relleu-en-la-direccio-de-cavall-fort","status":"publish","type":"post","link":"https:\/\/www.ibbycat.cat\/es\/relleu-en-la-direccio-de-cavall-fort\/","title":{"rendered":"Relleu en la direcci\u00f3 de Cavall Fort"},"content":{"rendered":"<p>Cavall Fort ha anunciat el <strong>relleu en la direcci\u00f3 <\/strong>de Cavall Fort, que es produir\u00e0 a finals de setembre. L&#8217;actual directora, <strong>Merc\u00e8 Canela<\/strong>, deixar\u00e0 el c\u00e0rrec per <strong>jubilaci\u00f3<\/strong>. A partir del mes d\u2019octubre ser\u00e0 l\u2019actual coordinadora de la revista, <strong>M\u00f2nica Estruch<\/strong>, qui n\u2019agafar\u00e0 la direcci\u00f3.<\/p>\n<p>Merc\u00e8 Canela va assumir la direcci\u00f3 d\u2019Edicions Cavall Fort l\u2019any 1998 quan l\u2019anterior director, Albert Jan\u00e9, es va jubilar. Des d\u2019aleshores ha estat al capdavant de les dues revistes, Cavall Fort i El Tatano.<\/p>\n<p>M\u00f2nica Estruch, editora amb m\u00e9s de vint anys de traject\u00f2ria, vuit dels quals com a directora d\u2019Editorial Mediterr\u00e0nia, va entrar a l\u2019editorial el 2018 per coordinar la revista Cavall Fort i l\u2019equip de redacci\u00f3. La nova coordinadora a partir del mes d\u2019octubre ser\u00e0 Mireia Broca.<\/p>\n<p><strong>Molta sort i encerts en aquesta nova etapa a totes dues!<\/strong><\/p>\n","protected":false},"excerpt":{"rendered":"<p>Cavall Fort ha anunciat el relleu en la direcci\u00f3 de Cavall Fort, que es produir\u00e0 a finals de setembre. L&#8217;actual directora, Merc\u00e8 Canela, deixar\u00e0 el c\u00e0rrec per jubilaci\u00f3. A partir del mes d\u2019octubre ser\u00e0 l\u2019actual coordinadora de la revista, M\u00f2nica Estruch, qui n\u2019agafar\u00e0 la direcci\u00f3. Merc\u00e8 Canela va assumir la direcci\u00f3 d\u2019Edicions Cavall Fort l\u2019any [&hellip;]<\/p>\n","protected":false},"author":3,"featured_media":9765,"comment_status":"open","ping_status":"open","sticky":false,"template":"","format":"standard","meta":{"_acf_changed":false,"rs_blank_template":"","rs_page_bg_color":"","slide_template_v7":"","inline_featured_image":false,"_monsterinsights_skip_tracking":false,"footnotes":""},"categories":[1],"tags":[],"class_list":["post-9764","post","type-post","status-publish","format-standard","has-post-thumbnail","hentry","category-uncategorized-ca","post-mon-lij-autors-lij","post-mon-lij-editorials-lij","post-destinatari-dinteres-general"],"acf":{"photo_gallery":{"galeria":[[]]}},"_links":{"self":[{"href":"https:\/\/www.ibbycat.cat\/es\/wp-json\/wp\/v2\/posts\/9764","targetHints":{"allow":["GET"]}}],"collection":[{"href":"https:\/\/www.ibbycat.cat\/es\/wp-json\/wp\/v2\/posts"}],"about":[{"href":"https:\/\/www.ibbycat.cat\/es\/wp-json\/wp\/v2\/types\/post"}],"author":[{"embeddable":true,"href":"https:\/\/www.ibbycat.cat\/es\/wp-json\/wp\/v2\/users\/3"}],"replies":[{"embeddable":true,"href":"https:\/\/www.ibbycat.cat\/es\/wp-json\/wp\/v2\/comments?post=9764"}],"version-history":[{"count":1,"href":"https:\/\/www.ibbycat.cat\/es\/wp-json\/wp\/v2\/posts\/9764\/revisions"}],"predecessor-version":[{"id":9767,"href":"https:\/\/www.ibbycat.cat\/es\/wp-json\/wp\/v2\/posts\/9764\/revisions\/9767"}],"wp:featuredmedia":[{"embeddable":true,"href":"https:\/\/www.ibbycat.cat\/es\/wp-json\/wp\/v2\/media\/9765"}],"wp:attachment":[{"href":"https:\/\/www.ibbycat.cat\/es\/wp-json\/wp\/v2\/media?parent=9764"}],"wp:term":[{"taxonomy":"category","embeddable":true,"href":"https:\/\/www.ibbycat.cat\/es\/wp-json\/wp\/v2\/categories?post=9764"},{"taxonomy":"post_tag","embeddable":true,"href":"https:\/\/www.ibbycat.cat\/es\/wp-json\/wp\/v2\/tags?post=9764"}],"curies":[{"name":"wp","href":"https:\/\/api.w.org\/{rel}","templated":true}]}}