{"id":9919,"date":"2022-09-25T18:43:16","date_gmt":"2022-09-25T16:43:16","guid":{"rendered":"https:\/\/www.ibbycat.cat\/?p=9919"},"modified":"2022-09-29T19:12:21","modified_gmt":"2022-09-29T17:12:21","slug":"libby-nomena-la-seva-nova-directora-executiva-carolina-ballester","status":"publish","type":"post","link":"https:\/\/www.ibbycat.cat\/es\/libby-nomena-la-seva-nova-directora-executiva-carolina-ballester\/","title":{"rendered":"L&#8217;IBBY nomena la seva nova directora executiva, Carolina Ballester"},"content":{"rendered":"<p>La nova directora executiva de l&#8217;IBBY, Carolina Ballester, es va presentar al congr\u00e9s internacional celebrat del 5 al 8 de setembre a Putrajaya, <strong>Mal\u00e0isia<\/strong>. <\/p>\n<p>Ballester va n\u00e9ixer a <strong>Par\u00eds<\/strong> i ha estudiat entre Espanya i Fran\u00e7a. <strong>Llicenciada en Ci\u00e8ncies Pol\u00edtiques<\/strong> per la Universitat Complutense de Madrid, tamb\u00e9 \u00e9s graduada en <strong>xin\u00e8s<\/strong> i <strong>\u00e0rab<\/strong> per l&#8217;Institut Nacional Franc\u00e8s d&#8217;Estudis Orientals (INALCO). Ha treballat com a <strong>traductora<\/strong> i com a <strong>agregada cultural<\/strong> al Consolat d&#8217;Espanya a Xangai. El 2013, es va incorporar a l&#8217;equip de la <strong>Fira Internacional del Llibre Infantil de Xangai<\/strong> com a directora del programa i durant 10 anys va promoure i desenvolupar l&#8217;inter\u00e8s internacional per la il\u00b7lustraci\u00f3 infantil, aix\u00ed com va formar part de jurats de cat\u00e0legs i concursos d&#8217;il\u00b7lustraci\u00f3 infantil. <\/p>\n<p>Ballester aporta a l&#8217;IBBY un inter\u00e8s i un <strong>ampli coneixement en la literatura infantil i la il\u00b7lustraci\u00f3<\/strong>, aix\u00ed com <strong>experi\u00e8ncia internacional<\/strong> i flu\u00efdesa en diversos <strong>idiomes<\/strong>, com ara franc\u00e8s, espanyol, angl\u00e8s i mandar\u00ed.<\/p>\n<p>En <strong>reconeixement<\/strong> a la seva destacada contribuci\u00f3 a l&#8217;IBBY, <strong>Liz Page<\/strong>, directora executiva sortint, va rebre la <strong>medalla Jella Lepman<\/strong> al Congr\u00e9s de l&#8217;IBBY a Putrajaya.<\/p>\n<p>Durant <strong>25 anys<\/strong>, Page ha donat suport a l&#8217;organitzaci\u00f3 amb una gran <strong>energia<\/strong> i <strong>entusiasme<\/strong>. Es va incorporar a l&#8217;IBBY com a assistent executiva el <strong>1997<\/strong> i va treballar com a directora administrativa fins al mar\u00e7 de <strong>2009<\/strong>, quan va ser nomenada directora executiva. Page ha estat un <strong>magn\u00edfic pilar de l&#8217;IBBY<\/strong>, mantenint-lo en un alt nivell durant els seus 14 anys com a directora executiva, i la seva feina ha estat imprescindible per enfortir i expandir tant l&#8217;IBBY coma instituci\u00f3 com els seus programes. A m\u00e9s, \u00e9s molt <strong>estimada i admirada<\/strong> per tots els membres amb els quals ha treballat al llarg de tots aquests anys.<\/p>\n<p><strong>Des de l&#8217;IBBYcat volem donar una c\u00e0lida benvinguda a Carolina Ballester i fer p\u00fablic un sentit agra\u00efment a Liz Page per la seva entregada tasca durant tots els anys que ha estat al capdavant de l&#8217;IBBY!<\/strong><\/p>\n","protected":false},"excerpt":{"rendered":"<p>La nova directora executiva de l&#8217;IBBY, Carolina Ballester, es va presentar al congr\u00e9s internacional celebrat del 5 al 8 de setembre a Putrajaya, Mal\u00e0isia. Ballester va n\u00e9ixer a Par\u00eds i ha estudiat entre Espanya i Fran\u00e7a. Llicenciada en Ci\u00e8ncies Pol\u00edtiques per la Universitat Complutense de Madrid, tamb\u00e9 \u00e9s graduada en xin\u00e8s i \u00e0rab per l&#8217;Institut [&hellip;]<\/p>\n","protected":false},"author":3,"featured_media":9920,"comment_status":"open","ping_status":"open","sticky":false,"template":"","format":"standard","meta":{"_acf_changed":false,"inline_featured_image":false,"_monsterinsights_skip_tracking":false,"footnotes":""},"categories":[1],"tags":[],"class_list":["post-9919","post","type-post","status-publish","format-standard","has-post-thumbnail","hentry","category-uncategorized-ca","post-projecte-ibby-oepli","post-mon-lij-sector","post-destinatari-comunitat-lij"],"acf":{"photo_gallery":{"galeria":[[]]}},"_links":{"self":[{"href":"https:\/\/www.ibbycat.cat\/es\/wp-json\/wp\/v2\/posts\/9919","targetHints":{"allow":["GET"]}}],"collection":[{"href":"https:\/\/www.ibbycat.cat\/es\/wp-json\/wp\/v2\/posts"}],"about":[{"href":"https:\/\/www.ibbycat.cat\/es\/wp-json\/wp\/v2\/types\/post"}],"author":[{"embeddable":true,"href":"https:\/\/www.ibbycat.cat\/es\/wp-json\/wp\/v2\/users\/3"}],"replies":[{"embeddable":true,"href":"https:\/\/www.ibbycat.cat\/es\/wp-json\/wp\/v2\/comments?post=9919"}],"version-history":[{"count":4,"href":"https:\/\/www.ibbycat.cat\/es\/wp-json\/wp\/v2\/posts\/9919\/revisions"}],"predecessor-version":[{"id":9925,"href":"https:\/\/www.ibbycat.cat\/es\/wp-json\/wp\/v2\/posts\/9919\/revisions\/9925"}],"wp:featuredmedia":[{"embeddable":true,"href":"https:\/\/www.ibbycat.cat\/es\/wp-json\/wp\/v2\/media\/9920"}],"wp:attachment":[{"href":"https:\/\/www.ibbycat.cat\/es\/wp-json\/wp\/v2\/media?parent=9919"}],"wp:term":[{"taxonomy":"category","embeddable":true,"href":"https:\/\/www.ibbycat.cat\/es\/wp-json\/wp\/v2\/categories?post=9919"},{"taxonomy":"post_tag","embeddable":true,"href":"https:\/\/www.ibbycat.cat\/es\/wp-json\/wp\/v2\/tags?post=9919"}],"curies":[{"name":"wp","href":"https:\/\/api.w.org\/{rel}","templated":true}]}}